{"id":364578,"date":"2025-08-22T14:08:14","date_gmt":"2025-08-22T14:08:14","guid":{"rendered":"https:\/\/www.europesays.com\/de\/364578\/"},"modified":"2025-08-22T14:08:14","modified_gmt":"2025-08-22T14:08:14","slug":"muenchen-kein-fuehrerschein-und-unter-drogen-24-jaehriger-baut-unfall-mit-geliehenem-bmw-m5-muenchen","status":"publish","type":"post","link":"https:\/\/www.europesays.com\/de\/364578\/","title":{"rendered":"M\u00fcnchen: Kein F\u00fchrerschein und unter Drogen &#8211; 24-J\u00e4hriger baut Unfall mit geliehenem BMW M5 &#8211; M\u00fcnchen"},"content":{"rendered":"<p data-manual=\"paragraph\" data-schema-org-speakable=\"true\" class=\"css-xboolz\">Bei einem Unfall in der M\u00fcnchner Innenstadt hat ein 24-J\u00e4hriger gr\u00f6\u00dferen Schaden angerichtet \u2013 und hat nun au\u00dferdem ein Drogen-Verfahren vor sich. Der M\u00fcnchner fuhr am Donnerstag gegen 19 Uhr mit einem BMW M5, einem Leihwagen, auf der Leopoldstra\u00dfe stadtausw\u00e4rts. Kurz nach dem Siegestor kam er wohl wegen \u00fcberh\u00f6hter Geschwindigkeit ins Schleudern, fuhr \u00fcber beide Fahrspuren der Gegenrichtung und prallte dort gegen ein geparktes Auto.<\/p>\n<p data-manual=\"paragraph\" data-schema-org-speakable=\"true\" class=\"css-xboolz\">Der Polizei fiel bei der Unfallaufnahme auf, dass der Mann wohl Cannabis konsumiert hatte. Im Auto fanden sie einen Bargeldbetrag in vierstelliger H\u00f6he und Marihuana. Obendrein hatte der Fahrer keinen F\u00fchrerschein. Ihn erwartet nun ein Verfahren wegen zahlreicher Vergehen.<\/p>\n","protected":false},"excerpt":{"rendered":"Bei einem Unfall in der M\u00fcnchner Innenstadt hat ein 24-J\u00e4hriger gr\u00f6\u00dferen Schaden angerichtet \u2013 und hat nun au\u00dferdem&hellip;\n","protected":false},"author":2,"featured_media":364579,"comment_status":"","ping_status":"","sticky":false,"template":"","format":"standard","meta":{"footnotes":""},"categories":[1827],"tags":[772,29,2816,30,1268,3093,2814,149],"class_list":{"0":"post-364578","1":"post","2":"type-post","3":"status-publish","4":"format-standard","5":"has-post-thumbnail","7":"category-muenchen","8":"tag-bayern","9":"tag-deutschland","10":"tag-freimann","11":"tag-germany","12":"tag-muenchen","13":"tag-polizei-und-feuerwehr-in-muenchen","14":"tag-schwabing-freimann","15":"tag-sueddeutsche-zeitung"},"share_on_mastodon":{"url":"https:\/\/pubeurope.com\/@de\/115072814644635034","error":""},"_links":{"self":[{"href":"https:\/\/www.europesays.com\/de\/wp-json\/wp\/v2\/posts\/364578","targetHints":{"allow":["GET"]}}],"collection":[{"href":"https:\/\/www.europesays.com\/de\/wp-json\/wp\/v2\/posts"}],"about":[{"href":"https:\/\/www.europesays.com\/de\/wp-json\/wp\/v2\/types\/post"}],"author":[{"embeddable":true,"href":"https:\/\/www.europesays.com\/de\/wp-json\/wp\/v2\/users\/2"}],"replies":[{"embeddable":true,"href":"https:\/\/www.europesays.com\/de\/wp-json\/wp\/v2\/comments?post=364578"}],"version-history":[{"count":0,"href":"https:\/\/www.europesays.com\/de\/wp-json\/wp\/v2\/posts\/364578\/revisions"}],"wp:featuredmedia":[{"embeddable":true,"href":"https:\/\/www.europesays.com\/de\/wp-json\/wp\/v2\/media\/364579"}],"wp:attachment":[{"href":"https:\/\/www.europesays.com\/de\/wp-json\/wp\/v2\/media?parent=364578"}],"wp:term":[{"taxonomy":"category","embeddable":true,"href":"https:\/\/www.europesays.com\/de\/wp-json\/wp\/v2\/categories?post=364578"},{"taxonomy":"post_tag","embeddable":true,"href":"https:\/\/www.europesays.com\/de\/wp-json\/wp\/v2\/tags?post=364578"}],"curies":[{"name":"wp","href":"https:\/\/api.w.org\/{rel}","templated":true}]}}