{"id":364624,"date":"2025-08-22T14:32:15","date_gmt":"2025-08-22T14:32:15","guid":{"rendered":"https:\/\/www.europesays.com\/de\/364624\/"},"modified":"2025-08-22T14:32:15","modified_gmt":"2025-08-22T14:32:15","slug":"maedchen-in-halle-angegriffen-und-leicht-verletzt-fahndung-seit-wochen-erfolglos","status":"publish","type":"post","link":"https:\/\/www.europesays.com\/de\/364624\/","title":{"rendered":"M\u00e4dchen in Halle angegriffen und leicht verletzt: Fahndung seit Wochen erfolglos"},"content":{"rendered":"<p class=\"text\">\nIn Halle sucht die Polizei einen Mann, der ein 13-j\u00e4hriges M\u00e4dchen angegriffen haben soll. Wie die Polizeiinspektion Halle am Freitag mitteilte, war der Verd\u00e4chtige dem M\u00e4dchen gefolgt, als sie aus einem Supermarkt kam. Auf einem Weg soll er sie festgehalten und sexuell bel\u00e4stigt haben. Dabei habe er die Russin bedroht und sie ausl\u00e4nderfeindlich beleidigt.<\/p>\n","protected":false},"excerpt":{"rendered":"In Halle sucht die Polizei einen Mann, der ein 13-j\u00e4hriges M\u00e4dchen angegriffen haben soll. Wie die Polizeiinspektion Halle&hellip;\n","protected":false},"author":2,"featured_media":364625,"comment_status":"","ping_status":"","sticky":false,"template":"","format":"standard","meta":{"footnotes":""},"categories":[1860],"tags":[2140,3364,29,548,663,3934,7142,30,1000,4062,17332,13,3860,81,21339,14,15,121,6211,17331,860,12],"class_list":{"0":"post-364624","1":"post","2":"type-post","3":"status-publish","4":"format-standard","5":"has-post-thumbnail","7":"category-halle-saale","8":"tag-angriff","9":"tag-de","10":"tag-deutschland","11":"tag-eu","12":"tag-europa","13":"tag-europe","14":"tag-fahndung","15":"tag-germany","16":"tag-gewalt","17":"tag-halle","18":"tag-halle-saale","19":"tag-headlines","20":"tag-maedchen","21":"tag-mdr","22":"tag-mithilfe","23":"tag-nachrichten","24":"tag-news","25":"tag-polizei","26":"tag-regionalportal","27":"tag-saale","28":"tag-sachsen-anhalt","29":"tag-schlagzeilen"},"share_on_mastodon":{"url":"https:\/\/pubeurope.com\/@de\/115072908887178315","error":""},"_links":{"self":[{"href":"https:\/\/www.europesays.com\/de\/wp-json\/wp\/v2\/posts\/364624","targetHints":{"allow":["GET"]}}],"collection":[{"href":"https:\/\/www.europesays.com\/de\/wp-json\/wp\/v2\/posts"}],"about":[{"href":"https:\/\/www.europesays.com\/de\/wp-json\/wp\/v2\/types\/post"}],"author":[{"embeddable":true,"href":"https:\/\/www.europesays.com\/de\/wp-json\/wp\/v2\/users\/2"}],"replies":[{"embeddable":true,"href":"https:\/\/www.europesays.com\/de\/wp-json\/wp\/v2\/comments?post=364624"}],"version-history":[{"count":0,"href":"https:\/\/www.europesays.com\/de\/wp-json\/wp\/v2\/posts\/364624\/revisions"}],"wp:featuredmedia":[{"embeddable":true,"href":"https:\/\/www.europesays.com\/de\/wp-json\/wp\/v2\/media\/364625"}],"wp:attachment":[{"href":"https:\/\/www.europesays.com\/de\/wp-json\/wp\/v2\/media?parent=364624"}],"wp:term":[{"taxonomy":"category","embeddable":true,"href":"https:\/\/www.europesays.com\/de\/wp-json\/wp\/v2\/categories?post=364624"},{"taxonomy":"post_tag","embeddable":true,"href":"https:\/\/www.europesays.com\/de\/wp-json\/wp\/v2\/tags?post=364624"}],"curies":[{"name":"wp","href":"https:\/\/api.w.org\/{rel}","templated":true}]}}