{"id":364627,"date":"2025-08-22T14:34:12","date_gmt":"2025-08-22T14:34:12","guid":{"rendered":"https:\/\/www.europesays.com\/de\/364627\/"},"modified":"2025-08-22T14:34:12","modified_gmt":"2025-08-22T14:34:12","slug":"verstaerkung-im-sturm-kiel-holt-ex-podolski-partner","status":"publish","type":"post","link":"https:\/\/www.europesays.com\/de\/364627\/","title":{"rendered":"Verst\u00e4rkung im Sturm: Kiel holt Ex-Podolski-Partner"},"content":{"rendered":"<p class=\"is-first-paragraph\" data-external=\"Article.FirstParagraph\">Nach dem Fehlstart in die neue Zweitliga-Saison hat Bundesliga-Absteiger Holstein Kiel noch einen neuen Offensivspieler verpflichtet. Der Slowake Adrian Kapralik wechselt von MSK Zilina nach Kiel und unterschrieb dort einen Vierjahresvertrag. Der 23-J\u00e4hrige spielte in der vorvergangenen Saison auf Leihbasis f\u00fcr den polnischen Club Gornik Zabrze und war dort Sturmpartner von Fu\u00dfball-Weltmeister Lukas Podolski.<\/p>\n<p>\u00abWir haben Adrian in den letzten Jahren in Zilina und den Nationalmannschaften intensiv verfolgt und sind \u00fcberzeugt, einen hochveranlagten Spieler gewonnen zu haben\u00bb, sagte Sport-Gesch\u00e4ftsf\u00fchrer Olaf Rebbe. \u00abEr bringt enorme Schnelligkeit, einen guten Abschluss und eine gro\u00dfe Variabilit\u00e4t mit \u2013 Eigenschaften, die sehr gut in unser Spielsystem passen.\u00bb<\/p>\n","protected":false},"excerpt":{"rendered":"Nach dem Fehlstart in die neue Zweitliga-Saison hat Bundesliga-Absteiger Holstein Kiel noch einen neuen Offensivspieler verpflichtet. Der Slowake&hellip;\n","protected":false},"author":2,"featured_media":364628,"comment_status":"","ping_status":"","sticky":false,"template":"","format":"standard","meta":{"footnotes":""},"categories":[1852],"tags":[3364,29,548,663,3934,30,13,4949,14,15,12,1971],"class_list":{"0":"post-364627","1":"post","2":"type-post","3":"status-publish","4":"format-standard","5":"has-post-thumbnail","7":"category-kiel","8":"tag-de","9":"tag-deutschland","10":"tag-eu","11":"tag-europa","12":"tag-europe","13":"tag-germany","14":"tag-headlines","15":"tag-kiel","16":"tag-nachrichten","17":"tag-news","18":"tag-schlagzeilen","19":"tag-schleswig-holstein"},"share_on_mastodon":{"url":"https:\/\/pubeurope.com\/@de\/115072916973932369","error":""},"_links":{"self":[{"href":"https:\/\/www.europesays.com\/de\/wp-json\/wp\/v2\/posts\/364627","targetHints":{"allow":["GET"]}}],"collection":[{"href":"https:\/\/www.europesays.com\/de\/wp-json\/wp\/v2\/posts"}],"about":[{"href":"https:\/\/www.europesays.com\/de\/wp-json\/wp\/v2\/types\/post"}],"author":[{"embeddable":true,"href":"https:\/\/www.europesays.com\/de\/wp-json\/wp\/v2\/users\/2"}],"replies":[{"embeddable":true,"href":"https:\/\/www.europesays.com\/de\/wp-json\/wp\/v2\/comments?post=364627"}],"version-history":[{"count":0,"href":"https:\/\/www.europesays.com\/de\/wp-json\/wp\/v2\/posts\/364627\/revisions"}],"wp:featuredmedia":[{"embeddable":true,"href":"https:\/\/www.europesays.com\/de\/wp-json\/wp\/v2\/media\/364628"}],"wp:attachment":[{"href":"https:\/\/www.europesays.com\/de\/wp-json\/wp\/v2\/media?parent=364627"}],"wp:term":[{"taxonomy":"category","embeddable":true,"href":"https:\/\/www.europesays.com\/de\/wp-json\/wp\/v2\/categories?post=364627"},{"taxonomy":"post_tag","embeddable":true,"href":"https:\/\/www.europesays.com\/de\/wp-json\/wp\/v2\/tags?post=364627"}],"curies":[{"name":"wp","href":"https:\/\/api.w.org\/{rel}","templated":true}]}}