{"id":364632,"date":"2025-08-22T14:37:13","date_gmt":"2025-08-22T14:37:13","guid":{"rendered":"https:\/\/www.europesays.com\/de\/364632\/"},"modified":"2025-08-22T14:37:13","modified_gmt":"2025-08-22T14:37:13","slug":"kurz-vor-saisonstart-mega-rueckschlag-fuer-borussia-moenchengladbach","status":"publish","type":"post","link":"https:\/\/www.europesays.com\/de\/364632\/","title":{"rendered":"Kurz vor Saisonstart: Mega-R\u00fcckschlag f\u00fcr Borussia M\u00f6nchengladbach"},"content":{"rendered":"<p>Am Sonntag (24. August) ist es soweit: Borussia M\u00f6nchengladbach startet im Borussia-Park gegen den HSV in die neue Saison. Eine Spielzeit mit einigen Fragezeichen und Unsicherheiten startet f\u00fcr die Fohlen.<\/p>\n<p>Doch kurz vor dem Saisonauftakt muss Borussia M\u00f6nchengladbach auch noch einen Mega-R\u00fcckschlag hinnehmen: Neuzugang Kevin Diks wird aller Voraussicht nach zum Bundesligaauftakt nicht einsatzbereit sein und das Duell gegen den HSV verpassen.<\/p>\n<p> R\u00fcckschlag f\u00fcr Borussia M\u00f6nchengladbach <\/p>\n<p>Durch den Verkauf von Ko Itakura hat Borussia M\u00f6nchengladbach bereits seinen Abwehrchef verloren. Neben Nico Elvedi sollte nun Neuzugang Kevin Diks diese Rolle \u00fcbernehmen. Der aus Kopenhagen verpflichtete Spieler hat sich bei den Fohlen stark integriert und ist sogar direkt in den Mannschaftsrat aufgestiegen.<\/p>\n<p>+++ <a href=\"https:\/\/www.derwesten.de\/sport\/fussball\/borussia-moenchengladbach-gladbach-itakura-posch-id301774140.html\" target=\"_blank\" rel=\"noopener\">Problembaustelle bereitet Gladbach Sorgen: Kann ER sie beheben?<\/a> +++ <\/p>\n<p>Doch nun der R\u00fcckschlag: Diks wird die Partie gegen den HSV wohl verletzungsbedingt verpassen. Der 28-J\u00e4hrige wurde im DFB-Pokal-Duell beim Oberligisten Atlas Delmenhorst <a href=\"https:\/\/www.derwesten.de\/sport\/fussball\/borussia-moenchengladbach-kevin-diks-verletzung-id301771321.html\" target=\"_blank\" rel=\"noopener\">angeschlagen ausgewechselt<\/a>. Trainer Gerardo Seoane best\u00e4tigte nun, dass der Verteidiger am Freitag (22. August) nicht am Mannschaftstraining teilnahm. Laut dem Coach wolle man am Samstag (23. August) pr\u00fcfen, inwieweit eine Teilnahme am Abschlusstraining m\u00f6glich sei. Doch alles deutet darauf hin, dass er f\u00fcr den Saisonauftakt ausfallen wird.<\/p>\n<p> <strong>Chiarodia mit gro\u00dfer Chance<\/strong> <\/p>\n<p>Diks ist f\u00fcr die Fohlen von enormer Bedeutung, vor allem aufgrund seiner Vielseitigkeit: Er kann sowohl als Innenverteidiger als auch als Rechtsverteidiger spielen. Gerade wegen der angespannten Personallage in der Abwehr ist diese Flexibilit\u00e4t entscheidend.<\/p>\n<p>Hier mehr News f\u00fcr dich:<\/p>\n<p>Somit wird es gegen den HSV auf Youngster Fabio Chiarodia ankommen. Der 20-J\u00e4hrige \u00fcbernahm nach Diks\u2019 Verletzung im DFB-Pokal bereits dessen Rolle. Borussia M\u00f6nchengladbach setzt gro\u00dfe Hoffnungen in den jungen Innenverteidiger \u2013 nun erh\u00e4lt er beim Bundesligaauftakt die Chance, sich weiter zu beweisen.<\/p>\n","protected":false},"excerpt":{"rendered":"Am Sonntag (24. August) ist es soweit: Borussia M\u00f6nchengladbach startet im Borussia-Park gegen den HSV in die neue&hellip;\n","protected":false},"author":2,"featured_media":364633,"comment_status":"","ping_status":"","sticky":false,"template":"","format":"standard","meta":{"footnotes":""},"categories":[1849],"tags":[815,3364,29,548,663,3934,30,13,4455,14,15,1209,12],"class_list":{"0":"post-364632","1":"post","2":"type-post","3":"status-publish","4":"format-standard","5":"has-post-thumbnail","7":"category-moenchengladbach","8":"tag-borussia-moenchengladbach","9":"tag-de","10":"tag-deutschland","11":"tag-eu","12":"tag-europa","13":"tag-europe","14":"tag-germany","15":"tag-headlines","16":"tag-moenchengladbach","17":"tag-nachrichten","18":"tag-news","19":"tag-nordrhein-westfalen","20":"tag-schlagzeilen"},"share_on_mastodon":{"url":"https:\/\/pubeurope.com\/@de\/115072928665515473","error":""},"_links":{"self":[{"href":"https:\/\/www.europesays.com\/de\/wp-json\/wp\/v2\/posts\/364632","targetHints":{"allow":["GET"]}}],"collection":[{"href":"https:\/\/www.europesays.com\/de\/wp-json\/wp\/v2\/posts"}],"about":[{"href":"https:\/\/www.europesays.com\/de\/wp-json\/wp\/v2\/types\/post"}],"author":[{"embeddable":true,"href":"https:\/\/www.europesays.com\/de\/wp-json\/wp\/v2\/users\/2"}],"replies":[{"embeddable":true,"href":"https:\/\/www.europesays.com\/de\/wp-json\/wp\/v2\/comments?post=364632"}],"version-history":[{"count":0,"href":"https:\/\/www.europesays.com\/de\/wp-json\/wp\/v2\/posts\/364632\/revisions"}],"wp:featuredmedia":[{"embeddable":true,"href":"https:\/\/www.europesays.com\/de\/wp-json\/wp\/v2\/media\/364633"}],"wp:attachment":[{"href":"https:\/\/www.europesays.com\/de\/wp-json\/wp\/v2\/media?parent=364632"}],"wp:term":[{"taxonomy":"category","embeddable":true,"href":"https:\/\/www.europesays.com\/de\/wp-json\/wp\/v2\/categories?post=364632"},{"taxonomy":"post_tag","embeddable":true,"href":"https:\/\/www.europesays.com\/de\/wp-json\/wp\/v2\/tags?post=364632"}],"curies":[{"name":"wp","href":"https:\/\/api.w.org\/{rel}","templated":true}]}}