{"id":364713,"date":"2025-08-22T15:34:13","date_gmt":"2025-08-22T15:34:13","guid":{"rendered":"https:\/\/www.europesays.com\/de\/364713\/"},"modified":"2025-08-22T15:34:13","modified_gmt":"2025-08-22T15:34:13","slug":"club-the-gate-ratinger-mauer-ist-geschlossen","status":"publish","type":"post","link":"https:\/\/www.europesays.com\/de\/364713\/","title":{"rendered":"Club The Gate (Ratinger Mauer) ist geschlossen"},"content":{"rendered":"<p class=\"text_ohne_einzug richtext text-em-55 !leading-serif mx-6 desktop:mx-0\">Der Keller-Club in der Ratinger Mauer \u2013 eine Party-Institution, die einst sogar einem Komplettabriss standhielt. Vor knapp 20 Jahren entstand an der Ecke zur Ratinger Stra\u00dfe ein Backstein-Neubau, in dem erst das Schl\u00f6sser-Quartier war und heute das Schlager-Caf\u00e9 ist. Direkt daneben: der Henkel-Saal. Die 300 Quadratmeter gro\u00dfe Fl\u00e4che im Untergeschoss aber blieb bis heute erhalten, Generationen von D\u00fcsseldorfern haben schon in der \u201eMauer\u201c gefeiert. Nach der Corona-Pandemie kamen neue Betreiber, getanzt wurde weiter. Doch jetzt sieht es duster aus f\u00fcr den Keller-Club.<\/p>\n","protected":false},"excerpt":{"rendered":"Der Keller-Club in der Ratinger Mauer \u2013 eine Party-Institution, die einst sogar einem Komplettabriss standhielt. Vor knapp 20&hellip;\n","protected":false},"author":2,"featured_media":364714,"comment_status":"","ping_status":"","sticky":false,"template":"","format":"standard","meta":{"footnotes":""},"categories":[1831],"tags":[19480,2922,12138,5238,100036,3364,29,3405,13020,100035,13652,30,62521,3744,100037,11018,1209,14522,970],"class_list":{"0":"post-364713","1":"post","2":"type-post","3":"status-publish","4":"format-standard","5":"has-post-thumbnail","7":"category-duesseldorf","8":"tag-mauer","9":"tag-altstadt","10":"tag-betreiber","11":"tag-club","12":"tag-clubbetreibers","13":"tag-de","14":"tag-deutschland","15":"tag-duesseldorf","16":"tag-eirund","17":"tag-erschuettert","18":"tag-flaeche","19":"tag-germany","20":"tag-idr","21":"tag-keller","22":"tag-kellerclub","23":"tag-lager","24":"tag-nordrhein-westfalen","25":"tag-ratinger","26":"tag-schlager"},"share_on_mastodon":{"url":"https:\/\/pubeurope.com\/@de\/115073152687175302","error":""},"_links":{"self":[{"href":"https:\/\/www.europesays.com\/de\/wp-json\/wp\/v2\/posts\/364713","targetHints":{"allow":["GET"]}}],"collection":[{"href":"https:\/\/www.europesays.com\/de\/wp-json\/wp\/v2\/posts"}],"about":[{"href":"https:\/\/www.europesays.com\/de\/wp-json\/wp\/v2\/types\/post"}],"author":[{"embeddable":true,"href":"https:\/\/www.europesays.com\/de\/wp-json\/wp\/v2\/users\/2"}],"replies":[{"embeddable":true,"href":"https:\/\/www.europesays.com\/de\/wp-json\/wp\/v2\/comments?post=364713"}],"version-history":[{"count":0,"href":"https:\/\/www.europesays.com\/de\/wp-json\/wp\/v2\/posts\/364713\/revisions"}],"wp:featuredmedia":[{"embeddable":true,"href":"https:\/\/www.europesays.com\/de\/wp-json\/wp\/v2\/media\/364714"}],"wp:attachment":[{"href":"https:\/\/www.europesays.com\/de\/wp-json\/wp\/v2\/media?parent=364713"}],"wp:term":[{"taxonomy":"category","embeddable":true,"href":"https:\/\/www.europesays.com\/de\/wp-json\/wp\/v2\/categories?post=364713"},{"taxonomy":"post_tag","embeddable":true,"href":"https:\/\/www.europesays.com\/de\/wp-json\/wp\/v2\/tags?post=364713"}],"curies":[{"name":"wp","href":"https:\/\/api.w.org\/{rel}","templated":true}]}}