{"id":364750,"date":"2025-08-22T15:54:15","date_gmt":"2025-08-22T15:54:15","guid":{"rendered":"https:\/\/www.europesays.com\/de\/364750\/"},"modified":"2025-08-22T15:54:15","modified_gmt":"2025-08-22T15:54:15","slug":"wer-weiss-denn-sowas-ndr-de","status":"publish","type":"post","link":"https:\/\/www.europesays.com\/de\/364750\/","title":{"rendered":"Wer wei\u00df denn sowas? | ndr.de"},"content":{"rendered":"<p>        Wer wei\u00df denn sowas? | ndr.de<\/p>\n<p>    <a id=\"anchor-content\"\/><\/p>\n<p itemscope=\"\" itemtype=\"http:\/\/schema.org\/BroadcastEvent\">\n<p>                Freitag, 22. August 2025, 16:15<br \/>\n                    bis<br \/>\n                17:00 Uhr<\/p>\n<p><\/p>\n<p>    <a href=\"https:\/\/www.ardmediathek.de\/video\/Y3JpZDovL25kci5kZS9wcm9wbGFuXzE5NjMzNDEyNF9nYW56ZVNlbmR1bmc\" class=\"mediatheksteaser\" rel=\"nofollow noopener\" target=\"_blank\"><\/p>\n<p>        <img decoding=\"async\" src=\"https:\/\/www.europesays.com\/de\/wp-content\/uploads\/2025\/08\/screenshot-34816.webp\" alt=\"Studioansicht von &quot;Wer wei\u00df denn sowas?&quot;.\" title=\"Studioansicht von &quot;Wer wei\u00df denn sowas?&quot;. | Screenshot\" class=\"responsive\" loading=\"lazy\"\/><\/p>\n<p>    <\/a><\/p>\n<p class=\"\">\nSuperhirn Bernhard Ho\u00ebcker und Quizmaster Elton stellen sich gemeinsam mit prominenten G\u00e4sten den unglaublichen, am\u00fcsanten und \u00fcberraschenden Fragen von Moderator Kai Pflaume.<\/p>\n<p>Prominente G\u00e4ste: Mariele\u00a0Millowitsch und Josefine\u00a0Preu\u00df.<\/p>\n<dl>\n<dt>Moderation<\/dt>\n<dd>Kai\u00a0Pflaume<\/dd>\n<dt>Produktionsleiter\/in<\/dt>\n<dd>Jens-Michael\u00a0Stabenow<\/dd>\n<dt>Redaktionsleiter\/in<\/dt>\n<dd>Andreas\u00a0Gerling<\/dd>\n<dt>Redaktion<\/dt>\n<dd>Tim\u00a0Gruhl<\/dd>\n<\/dl>\n<p>        <img decoding=\"async\" src=\"https:\/\/www.europesays.com\/de\/wp-content\/uploads\/2025\/08\/sendungsbild85962.webp\" alt=\"Zwergmanguste.\" title=\"Zwergmanguste. | NDR\/DocLights GmbH\" class=\"responsive\" loading=\"lazy\"\/><\/p>\n","protected":false},"excerpt":{"rendered":"Wer wei\u00df denn sowas? | ndr.de Freitag, 22. August 2025, 16:15 bis 17:00 Uhr Superhirn Bernhard Ho\u00ebcker und&hellip;\n","protected":false},"author":2,"featured_media":364751,"comment_status":"","ping_status":"","sticky":false,"template":"","format":"standard","meta":{"footnotes":""},"categories":[1773],"tags":[29,214,30,471,1780,215],"class_list":{"0":"post-364750","1":"post","2":"type-post","3":"status-publish","4":"format-standard","5":"has-post-thumbnail","7":"category-serien","8":"tag-deutschland","9":"tag-entertainment","10":"tag-germany","11":"tag-serien","12":"tag-series","13":"tag-unterhaltung"},"share_on_mastodon":{"url":"https:\/\/pubeurope.com\/@de\/115073231454002887","error":""},"_links":{"self":[{"href":"https:\/\/www.europesays.com\/de\/wp-json\/wp\/v2\/posts\/364750","targetHints":{"allow":["GET"]}}],"collection":[{"href":"https:\/\/www.europesays.com\/de\/wp-json\/wp\/v2\/posts"}],"about":[{"href":"https:\/\/www.europesays.com\/de\/wp-json\/wp\/v2\/types\/post"}],"author":[{"embeddable":true,"href":"https:\/\/www.europesays.com\/de\/wp-json\/wp\/v2\/users\/2"}],"replies":[{"embeddable":true,"href":"https:\/\/www.europesays.com\/de\/wp-json\/wp\/v2\/comments?post=364750"}],"version-history":[{"count":0,"href":"https:\/\/www.europesays.com\/de\/wp-json\/wp\/v2\/posts\/364750\/revisions"}],"wp:featuredmedia":[{"embeddable":true,"href":"https:\/\/www.europesays.com\/de\/wp-json\/wp\/v2\/media\/364751"}],"wp:attachment":[{"href":"https:\/\/www.europesays.com\/de\/wp-json\/wp\/v2\/media?parent=364750"}],"wp:term":[{"taxonomy":"category","embeddable":true,"href":"https:\/\/www.europesays.com\/de\/wp-json\/wp\/v2\/categories?post=364750"},{"taxonomy":"post_tag","embeddable":true,"href":"https:\/\/www.europesays.com\/de\/wp-json\/wp\/v2\/tags?post=364750"}],"curies":[{"name":"wp","href":"https:\/\/api.w.org\/{rel}","templated":true}]}}