{"id":364781,"date":"2025-08-22T16:10:12","date_gmt":"2025-08-22T16:10:12","guid":{"rendered":"https:\/\/www.europesays.com\/de\/364781\/"},"modified":"2025-08-22T16:10:12","modified_gmt":"2025-08-22T16:10:12","slug":"willicher-familieneinrichtungen-kooperieren-fuer-theater-abend","status":"publish","type":"post","link":"https:\/\/www.europesays.com\/de\/364781\/","title":{"rendered":"Willicher Familieneinrichtungen kooperieren f\u00fcr Theater-Abend"},"content":{"rendered":"<p class=\"text_ohne_einzug richtext text-em-55 !leading-serif mx-6 desktop:mx-0\">\u201eEltern sein \u2013 ein Kinderspiel?!\u201c \u2013 so lautet der Name des Theaterprogramms der Theaterp\u00e4dagogischen Werkstatt Osnabr\u00fcck, welche vielen Eltern durch pr\u00e4ventive Theaterst\u00fccke f\u00fcr Kinder in Kitas und Schulen bekannt ist (zum Beispiel \u201eDie gro\u00dfe Neintonne\u201c oder \u201eMein K\u00f6rper geh\u00f6rt mir!\u201c).  Nach \u00fcber 20 Jahren Theaterarbeit f\u00fcr starke Kinder und Jugendliche ist dies das erste Programm der theaterp\u00e4dagogischen Werkstatt f\u00fcr starke Eltern!<\/p>\n<p class=\"richtext text-em-55 !leading-serif mx-6 desktop:mx-0\">Der normale Erziehungsalltag wird f\u00fcr Familien schnell zum Hindernislauf: Was kommt in den Einkaufswagen? Wer darf sich heute Nachmittag verabreden? Und was ist eigentlich mit dem Begr\u00fc\u00dfungsk\u00fcsschen, das Oma so wichtig ist? Wie schafft man es als Mutter oder Vater, die vielen kleinen Konflikte des t\u00e4glichen Miteinanders liebevoll zu l\u00f6sen? Wer wei\u00df einen guten Kompromiss? \u201eEltern sein \u2013 ein Kinderspiel?!\u201c  ist ein inspirierender Abend f\u00fcr Eltern, der die Freude am Zusammenleben mit Kindern st\u00e4rken will. In kurzen Theaterszenen werden vertraute Erziehungssituationen aufgegriffen und m\u00f6gliche Wege aufgezeigt, wie sich klassische Konflikte zwischen Eltern und Kindern l\u00f6sen lassen: kreativ, liebevoll, gemeinsam, mit viel Humor \u2013 und irgendwie \u00fcberraschend einfach.<\/p>\n<p class=\"richtext text-em-55 !leading-serif mx-6 desktop:mx-0\">Schirmherr Stefan Wessels, ehemaliger Profi-Fu\u00dfball-Torwart und Vater von zwei Kindern: \u201eKonflikte mit meinen Kindern sind wie \u00dcberraschungsangriffe aufs Tor. Da mit der ganzen Mannschaft wieder gut rauszukommen, ohne Fouls und unfaire Tricks, f\u00fchlt sich mindestens so gut an, wie einen gef\u00e4hrlichen Ball zu halten.\u201c<\/p>\n<p class=\"richtext text-em-55 !leading-serif mx-6 desktop:mx-0\">Im Anschluss an das Theaterprogramm wird eingeladen, bei Getr\u00e4nken und Snacks miteinander ins Gespr\u00e4ch zu kommen.<\/p>\n<p class=\"italic richtext text-em-55 !leading-serif mx-6 desktop:mx-0\">Der Abend wird \u00fcber F\u00f6rdergelder des Landes f\u00fcr Familienzentren finanziert ist somit f\u00fcr die Besucher kostenlos. Eine Anmeldung ist erforderlich und erfolgt im Familienb\u00fcro Willich telefonisch unter der Rufnummer 02154\/48\u200915\u200908 oder per E-Mail an familienbuero.willich@caritas-viersen.de<\/p>\n","protected":false},"excerpt":{"rendered":"\u201eEltern sein \u2013 ein Kinderspiel?!\u201c \u2013 so lautet der Name des Theaterprogramms der Theaterp\u00e4dagogischen Werkstatt Osnabr\u00fcck, welche vielen&hellip;\n","protected":false},"author":2,"featured_media":364782,"comment_status":"","ping_status":"","sticky":false,"template":"","format":"standard","meta":{"footnotes":""},"categories":[1849],"tags":[3364,29,548,663,3934,30,13,4455,14,15,1209,12],"class_list":{"0":"post-364781","1":"post","2":"type-post","3":"status-publish","4":"format-standard","5":"has-post-thumbnail","7":"category-moenchengladbach","8":"tag-de","9":"tag-deutschland","10":"tag-eu","11":"tag-europa","12":"tag-europe","13":"tag-germany","14":"tag-headlines","15":"tag-moenchengladbach","16":"tag-nachrichten","17":"tag-news","18":"tag-nordrhein-westfalen","19":"tag-schlagzeilen"},"share_on_mastodon":{"url":"https:\/\/pubeurope.com\/@de\/115073294309341565","error":""},"_links":{"self":[{"href":"https:\/\/www.europesays.com\/de\/wp-json\/wp\/v2\/posts\/364781","targetHints":{"allow":["GET"]}}],"collection":[{"href":"https:\/\/www.europesays.com\/de\/wp-json\/wp\/v2\/posts"}],"about":[{"href":"https:\/\/www.europesays.com\/de\/wp-json\/wp\/v2\/types\/post"}],"author":[{"embeddable":true,"href":"https:\/\/www.europesays.com\/de\/wp-json\/wp\/v2\/users\/2"}],"replies":[{"embeddable":true,"href":"https:\/\/www.europesays.com\/de\/wp-json\/wp\/v2\/comments?post=364781"}],"version-history":[{"count":0,"href":"https:\/\/www.europesays.com\/de\/wp-json\/wp\/v2\/posts\/364781\/revisions"}],"wp:featuredmedia":[{"embeddable":true,"href":"https:\/\/www.europesays.com\/de\/wp-json\/wp\/v2\/media\/364782"}],"wp:attachment":[{"href":"https:\/\/www.europesays.com\/de\/wp-json\/wp\/v2\/media?parent=364781"}],"wp:term":[{"taxonomy":"category","embeddable":true,"href":"https:\/\/www.europesays.com\/de\/wp-json\/wp\/v2\/categories?post=364781"},{"taxonomy":"post_tag","embeddable":true,"href":"https:\/\/www.europesays.com\/de\/wp-json\/wp\/v2\/tags?post=364781"}],"curies":[{"name":"wp","href":"https:\/\/api.w.org\/{rel}","templated":true}]}}