{"id":364821,"date":"2025-08-22T16:31:11","date_gmt":"2025-08-22T16:31:11","guid":{"rendered":"https:\/\/www.europesays.com\/de\/364821\/"},"modified":"2025-08-22T16:31:11","modified_gmt":"2025-08-22T16:31:11","slug":"erneute-atomgespraeche-zwischen-iran-und-europaeischen-staaten-in-kommender-woche","status":"publish","type":"post","link":"https:\/\/www.europesays.com\/de\/364821\/","title":{"rendered":"Erneute Atomgespr\u00e4che zwischen Iran und europ\u00e4ischen Staaten in kommender Woche"},"content":{"rendered":"<p class=\"text_ohne_einzug richtext text-em-55 !leading-serif mx-6 desktop:mx-0\">Der <a href=\"https:\/\/rp-online.de\/thema\/iran\/\" target=\"_blank\" rel=\"noopener\">Iran<\/a> und die sogenannten europ\u00e4ischen E3-Staaten treffen sich am kommenden Dienstag zu erneuten Gespr\u00e4chen \u00fcber das Atomprogramm Teherans. Vereinbart worden sei, dass die Gespr\u00e4che mit den E3-Staaten <a href=\"https:\/\/rp-online.de\/thema\/deutschland\/\" target=\"_blank\" rel=\"noopener\">Deutschland<\/a>, <a href=\"https:\/\/rp-online.de\/thema\/frankreich\/\" target=\"_blank\" rel=\"noopener\">Frankreich<\/a> und Gro\u00dfbritannien sowie der EU \u201eauf Ebene der stellvertretenden Au\u00dfenminister\u201c stattfinden w\u00fcrden, erkl\u00e4rte das iranische Au\u00dfenministerium am Freitag nach einem Telefonat von Au\u00dfenminister Abbas Araghtschi mit den E3-Au\u00dfenministern und der EU-Au\u00dfenbeauftragten Kaja Kallas.<\/p>\n","protected":false},"excerpt":{"rendered":"Der Iran und die sogenannten europ\u00e4ischen E3-Staaten treffen sich am kommenden Dienstag zu erneuten Gespr\u00e4chen \u00fcber das Atomprogramm&hellip;\n","protected":false},"author":2,"featured_media":364822,"comment_status":"","ping_status":"","sticky":false,"template":"","format":"standard","meta":{"footnotes":""},"categories":[3933],"tags":[331,332,63065,37,36723,69307,29,548,663,158,30326,3934,3935,156,11173,551,13,345,64254,100076,31022,3414,14,15,12,13152],"class_list":{"0":"post-364821","1":"post","2":"type-post","3":"status-publish","4":"format-standard","5":"has-post-thumbnail","7":"category-eu","8":"tag-aktuelle-nachrichten","9":"tag-aktuelle-news","10":"tag-atomgespraeche","11":"tag-aussenminister","12":"tag-aussenministerium","13":"tag-bundesaussenminister","14":"tag-deutschland","15":"tag-eu","16":"tag-europa","17":"tag-europaeische-union","18":"tag-europaeischen","19":"tag-europe","20":"tag-european-union","21":"tag-frankreich","22":"tag-gespraeche","23":"tag-grossbritannien","24":"tag-headlines","25":"tag-iran","26":"tag-iranische","27":"tag-iranischen","28":"tag-kommenden","29":"tag-land","30":"tag-nachrichten","31":"tag-news","32":"tag-schlagzeilen","33":"tag-staaten"},"share_on_mastodon":{"url":"https:\/\/pubeurope.com\/@de\/115073376864220752","error":""},"_links":{"self":[{"href":"https:\/\/www.europesays.com\/de\/wp-json\/wp\/v2\/posts\/364821","targetHints":{"allow":["GET"]}}],"collection":[{"href":"https:\/\/www.europesays.com\/de\/wp-json\/wp\/v2\/posts"}],"about":[{"href":"https:\/\/www.europesays.com\/de\/wp-json\/wp\/v2\/types\/post"}],"author":[{"embeddable":true,"href":"https:\/\/www.europesays.com\/de\/wp-json\/wp\/v2\/users\/2"}],"replies":[{"embeddable":true,"href":"https:\/\/www.europesays.com\/de\/wp-json\/wp\/v2\/comments?post=364821"}],"version-history":[{"count":0,"href":"https:\/\/www.europesays.com\/de\/wp-json\/wp\/v2\/posts\/364821\/revisions"}],"wp:featuredmedia":[{"embeddable":true,"href":"https:\/\/www.europesays.com\/de\/wp-json\/wp\/v2\/media\/364822"}],"wp:attachment":[{"href":"https:\/\/www.europesays.com\/de\/wp-json\/wp\/v2\/media?parent=364821"}],"wp:term":[{"taxonomy":"category","embeddable":true,"href":"https:\/\/www.europesays.com\/de\/wp-json\/wp\/v2\/categories?post=364821"},{"taxonomy":"post_tag","embeddable":true,"href":"https:\/\/www.europesays.com\/de\/wp-json\/wp\/v2\/tags?post=364821"}],"curies":[{"name":"wp","href":"https:\/\/api.w.org\/{rel}","templated":true}]}}