{"id":364833,"date":"2025-08-22T16:38:12","date_gmt":"2025-08-22T16:38:12","guid":{"rendered":"https:\/\/www.europesays.com\/de\/364833\/"},"modified":"2025-08-22T16:38:12","modified_gmt":"2025-08-22T16:38:12","slug":"jedes-spiel-ein-grosser-kampf","status":"publish","type":"post","link":"https:\/\/www.europesays.com\/de\/364833\/","title":{"rendered":"Jedes Spiel ein gro\u00dfer Kampf"},"content":{"rendered":"<p class=\"font-sans font-medium\">Duisburg. Die Gro\u00dfenbaumer treffen am Samstag auf den Duisburger FV 08. Das Auftaktspiel der GSG brachte einen Sieg gegen Asterlagen.<\/p>\n<p class=\"\">\u201eWir haben vollen Respekt, aber keine Angst.\u201c Zgjim Dautaj gibt sich vor dem zweiten Spieltag in der Fu\u00dfball-Bezirksliga, Gruppe 5, selbstbewusst. Dass seine Kicker der GSG Duisburg am Samstag nicht als Favorit in das Heimderby gegen den Duisburger FV 08 (16 Uhr) gehen, ist dem Neu-Coach, der vor einer Woche einen erfolgreichen Pflichtspieleinstand auf der Trainerbank feierte, dennoch klar. <\/p>\n<blockquote class=\"not-prose mx-auto my-6 w-4\/5 border-y border-stroke-100 py-6 pl-0 text-center\">\n<p class=\"font-sans font-serif text-xl text-copy-primary\">\u201eEs wird nicht leicht, in dieser starken Liga zu bestehen.\u201c<\/p>\n<p>      Zgjim Dautaj <\/p>\n<p>Trainer der GSG Duisburg<\/p>\n<\/blockquote>\n<p class=\"\">\u201eEs wird nicht leicht, in dieser starken Liga zu bestehen. Mit einem Sieg zu starten, war sehr wichtig. Das sind die ersten wertvollen Punkte\u201c, freut sich Dautaj, der von einem gl\u00fccklichen, aber aufgrund der k\u00e4mpferischen Leistung seines Teams nicht unverdienten Sieg spricht. Die Auftaktpartie gewannen die Gro\u00dfenbaumer mit 2:1 beim TuS Asterlagen. \u201eDie Jungs haben alles reingehauen und das sehr gut gemacht\u201c, lobt der Trainer. \u201eNach einer nerv\u00f6sen Anfangsphase haben wir uns gefangen. Der 1:1-Ausgleich hat Selbstbewusstsein gegeben. Nach dem zweiten Tor haben wir kollektiv sehr gut verteidigt\u201c, f\u00fcgt Dautaj an. Mamadou Billo Kante schoss beide GSG-Treffer.<\/p>\n<p>    Auch interessant<\/p>\n<p>    <img decoding=\"async\" src=\"https:\/\/www.europesays.com\/de\/wp-content\/uploads\/2025\/08\/409813787_1755874924_v1_1_200.jpeg\" class=\"block w-full object-cover relative z-10 aspect-[1\/1] \" alt=\"VfB Homberg gegen MSV Duisburg? Das w\u00e4re f\u00fcr Stefan Jan\u00dfen ein Traumfinale.\" title=\"VfB Homberg gegen MSV Duisburg? Das w\u00e4re f\u00fcr Stefan Jan\u00dfen ein Traumfinale.\" loading=\"lazy\"\/><\/p>\n<p class=\"\">\u201eF\u00fcr uns wird jedes Spiel ein gro\u00dfer Kampf. Meine junge Mannschaft ist sehr unerfahren und nat\u00fcrlich noch in der Findungsphase. Die Jungs arbeiten aber wirklich sehr hart und es macht gro\u00dfen Spa\u00df\u201c, erkl\u00e4rt Dautaj, der bislang keine Sekunde bereut hat, das Traineramt im Sommer inklusive XXL-Kaderumbruch \u00fcbernommen zu haben. \u201eDas sind tolle Jungs mit einem Supercharakter\u201c, freut sich der GSG-Trainer, der gegen die 08er fast aus dem Vollen sch\u00f6pfen kann. \u201eSeit vergangenem Dienstag sind alle Urlauber zur\u00fcck. Bis auf ein, zwei fragliche Spieler haben wir alle Mann an Bord und mehr Optionen als gegen Asterlagen\u201c, gibt Dautaj ein Kaderupdate.<\/p>\n<p>Weitere Artikel:<\/p>\n<p class=\"\">Mit dem DFV 08 sieht Coach Dautaj eine schwierige Aufgabe auf seine Mannen zukommen: \u201eDas ist eine starke Mannschaft mit sehr guten Einzelspielern. Sie werden uns alles abverlangen. F\u00fcr uns sind diese Derbys ein Highlight.\u201c Wie die GSG konnten auch die Hochfelder ihre Auftaktpartie mit 2:1 gewinnen. Gegen den unangenehm zu bespielenden SC 20 Oberhausen zeigten die 08er eine gute Leistung und gewannen verdienterma\u00dfen, wenngleich die drei Punkte nach dem sp\u00e4ten Anschlusstreffer der G\u00e4ste noch kurz wackelten. F\u00fcr die Mannschaft von Mustafa \u00d6zt\u00fcrk ist die GSG-Partie der Auftakt zu den Derbywochen, in denen die 08er nacheinander gegen f\u00fcnf weitere Teams aus dem Stadtgebiet spielen.<\/p>\n","protected":false},"excerpt":{"rendered":"Duisburg. Die Gro\u00dfenbaumer treffen am Samstag auf den Duisburger FV 08. Das Auftaktspiel der GSG brachte einen Sieg&hellip;\n","protected":false},"author":2,"featured_media":364834,"comment_status":"","ping_status":"","sticky":false,"template":"","format":"standard","meta":{"footnotes":""},"categories":[1838],"tags":[3364,29,3715,30,1209],"class_list":{"0":"post-364833","1":"post","2":"type-post","3":"status-publish","4":"format-standard","5":"has-post-thumbnail","7":"category-duisburg","8":"tag-de","9":"tag-deutschland","10":"tag-duisburg","11":"tag-germany","12":"tag-nordrhein-westfalen"},"share_on_mastodon":{"url":"https:\/\/pubeurope.com\/@de\/115073404386774539","error":""},"_links":{"self":[{"href":"https:\/\/www.europesays.com\/de\/wp-json\/wp\/v2\/posts\/364833","targetHints":{"allow":["GET"]}}],"collection":[{"href":"https:\/\/www.europesays.com\/de\/wp-json\/wp\/v2\/posts"}],"about":[{"href":"https:\/\/www.europesays.com\/de\/wp-json\/wp\/v2\/types\/post"}],"author":[{"embeddable":true,"href":"https:\/\/www.europesays.com\/de\/wp-json\/wp\/v2\/users\/2"}],"replies":[{"embeddable":true,"href":"https:\/\/www.europesays.com\/de\/wp-json\/wp\/v2\/comments?post=364833"}],"version-history":[{"count":0,"href":"https:\/\/www.europesays.com\/de\/wp-json\/wp\/v2\/posts\/364833\/revisions"}],"wp:featuredmedia":[{"embeddable":true,"href":"https:\/\/www.europesays.com\/de\/wp-json\/wp\/v2\/media\/364834"}],"wp:attachment":[{"href":"https:\/\/www.europesays.com\/de\/wp-json\/wp\/v2\/media?parent=364833"}],"wp:term":[{"taxonomy":"category","embeddable":true,"href":"https:\/\/www.europesays.com\/de\/wp-json\/wp\/v2\/categories?post=364833"},{"taxonomy":"post_tag","embeddable":true,"href":"https:\/\/www.europesays.com\/de\/wp-json\/wp\/v2\/tags?post=364833"}],"curies":[{"name":"wp","href":"https:\/\/api.w.org\/{rel}","templated":true}]}}