{"id":364837,"date":"2025-08-22T16:40:30","date_gmt":"2025-08-22T16:40:30","guid":{"rendered":"https:\/\/www.europesays.com\/de\/364837\/"},"modified":"2025-08-22T16:40:30","modified_gmt":"2025-08-22T16:40:30","slug":"krisen-klose-bekommt-dauerhafte-job-garantie-fussball","status":"publish","type":"post","link":"https:\/\/www.europesays.com\/de\/364837\/","title":{"rendered":"Krisen-Klose bekommt dauerhafte Job-Garantie | Fu\u00dfball"},"content":{"rendered":"<p><b>Einen Tag nach der Pokal-Blamage beim FV Illertissen (5:6 im Elfmeterschie\u00dfen) war Joti Chatzialexiou (49) immer noch bedient. \u201eIm DFB-Pokal gegen einen Regionalligisten auszuscheiden, das darf uns nicht passieren\u201c, sagt der Sportvorstand des<\/b><a href=\"https:\/\/sportbild.bild.de\/bundesliga\/vereine\/1-fc-nuernberg\/home-33283886.sport.html\" class=\"text-link\" target=\"_blank\" rel=\"noopener\"><b> 1. FC N\u00fcrnberg<\/b><\/a><b>. Zumal der Zweitliga-Start misslang \u2013 0:1 in Elversberg, 0:1 zu Hause gegen Darmstadt. 16. Platz! Am Freitag spielt der FCN nun in M\u00fcnster. Schon vorher bekommt <\/b><a href=\"https:\/\/www.fcn.de\/clubmaenner\/team\/trainer\/trainer\/profil\/klose-2\/\" target=\"_blank\" rel=\"noopener\" class=\"text-link--external text-link\"><b>Trainer Miroslav Klose<\/b><\/a><b> (47) eine dauerhafte Job-Garantie! <\/b><\/p>\n<p>\u201eViele vergessen, dass wir in der vergangenen Saison in der Hinrunde sechs Spiele in Folge nicht gewonnen haben \u2013 und trotzdem haben wir in der R\u00fcckrunde mehrfach die M\u00f6glichkeit gehabt, noch ganz oben mit anzuklopfen. Schlussendlich ist es so, dass Miro ein akribischer Arbeiter ist und einen guten Umgang mit jungen Spielern hat, die er und sein Trainerteam weiterentwickeln\u201c, stellt Chatzialexiou in SPORT-BILD klar.<\/p>\n<p><img decoding=\"async\" width=\"992\" height=\"558\" alt=\"Kuriose Szene: Nach dem Pokalspiel h\u00e4lt nicht Trainer Klose eine Ansprache an die Mannschaft, sondern der Capo (M.) der Klub-Ultras\" src=\"https:\/\/www.europesays.com\/de\/wp-content\/uploads\/2025\/08\/f91f934ad2846764015785f440ce1d54,5c4cc012\"   class=\"landscape\" loading=\"lazy\"\/><\/p>\n<p class=\"fig__caption__text\">Kuriose Szene: Nach dem Pokalspiel h\u00e4lt nicht Trainer Klose eine Ansprache an die Mannschaft, sondern der Capo (M.) der Klub-Ultras<\/p>\n<p>Foto: dpa<\/p>\n<p><b>Deshalb bittet der Boss um Geduld: \u201eVertrauen ist wichtig, denn wir wollen hier etwas aufbauen \u2013 mit Miro. Darum wird es wichtig sein, dass wir zusammenhalten. Daran habe ich aber keine Zweifel. Unsere Fans haben uns in der vergangenen Saison in der schwierigen Phase unterst\u00fctzt \u2013 und das werden sie wieder tun. Und ich glaube, sie wissen auch, was wir an Miro haben.\u201c<\/b><\/p>\n<p>Vor allem als Spielerentwickler \u00fcberzeugte Klose, der mit dem FCN vorige Serie Zehnter wurde. Er formte zum Beispiel St\u00fcrmer Stefanos Tzimas (19). Premier-League-Klub Brighton bezahlte f\u00fcr den Griechen 25 Mio. Euro Abl\u00f6se. Allerdings blieb nur ein kleiner Teil beim FCN h\u00e4ngen, denn zuvor hatte der Club die Kaufoption f\u00fcr den von PAOK Saloniki ausgeliehenen Offensivspieler gezogen \u2013 und musste vom Brighton-Geld rund 18 Mio. Euro Abl\u00f6se an die Griechen zahlen. Hinzu erhielten auch die Berater einen Anteil von dem Geld der Engl\u00e4nder, sodass am Ende nur rund 2,5 Mio. geblieben sein sollen.<\/p>\n<p>\u201eWir sind nun mal der Club, dessen DNA es ist, mit jungen Spielern arbeiten zu wollen und sie zu entwickeln. Das ist alternativlos f\u00fcr uns. Wir haben nach wie vor finanzielle Themen\u201c, sagt Chatzialexiou und nimmt Klose in Schutz: \u201eIch bin ja auch bei den Mannschaftssitzungen dabei und bekomme mit, wie die Spieler vom Trainerteam eingestellt werden, wer f\u00fcr welche Aufgaben zust\u00e4ndig ist. Auch gegen unterklassige Gegner kannst du dir selbst kleine Unkonzentriertheiten oder Abweichungen vom Plan nicht erlauben, sie werden dann bestraft.\u201c<\/p>\n<p>Mehr zum Thema<\/p>\n","protected":false},"excerpt":{"rendered":"Einen Tag nach der Pokal-Blamage beim FV Illertissen (5:6 im Elfmeterschie\u00dfen) war Joti Chatzialexiou (49) immer noch bedient.&hellip;\n","protected":false},"author":2,"featured_media":364838,"comment_status":"","ping_status":"","sticky":false,"template":"","format":"standard","meta":{"footnotes":""},"categories":[1837],"tags":[783,772,3364,29,30,28268,786,3783,877,45],"class_list":{"0":"post-364837","1":"post","2":"type-post","3":"status-publish","4":"format-standard","5":"has-post-thumbnail","7":"category-nuernberg","8":"tag-1-fc-nuernberg","9":"tag-bayern","10":"tag-de","11":"tag-deutschland","12":"tag-germany","13":"tag-heft-uebernahme-spobi","14":"tag-klose-miroslav","15":"tag-nuernberg","16":"tag-spobi-2-liga","17":"tag-texttospeech"},"share_on_mastodon":{"url":"https:\/\/pubeurope.com\/@de\/115073412212058004","error":""},"_links":{"self":[{"href":"https:\/\/www.europesays.com\/de\/wp-json\/wp\/v2\/posts\/364837","targetHints":{"allow":["GET"]}}],"collection":[{"href":"https:\/\/www.europesays.com\/de\/wp-json\/wp\/v2\/posts"}],"about":[{"href":"https:\/\/www.europesays.com\/de\/wp-json\/wp\/v2\/types\/post"}],"author":[{"embeddable":true,"href":"https:\/\/www.europesays.com\/de\/wp-json\/wp\/v2\/users\/2"}],"replies":[{"embeddable":true,"href":"https:\/\/www.europesays.com\/de\/wp-json\/wp\/v2\/comments?post=364837"}],"version-history":[{"count":0,"href":"https:\/\/www.europesays.com\/de\/wp-json\/wp\/v2\/posts\/364837\/revisions"}],"wp:featuredmedia":[{"embeddable":true,"href":"https:\/\/www.europesays.com\/de\/wp-json\/wp\/v2\/media\/364838"}],"wp:attachment":[{"href":"https:\/\/www.europesays.com\/de\/wp-json\/wp\/v2\/media?parent=364837"}],"wp:term":[{"taxonomy":"category","embeddable":true,"href":"https:\/\/www.europesays.com\/de\/wp-json\/wp\/v2\/categories?post=364837"},{"taxonomy":"post_tag","embeddable":true,"href":"https:\/\/www.europesays.com\/de\/wp-json\/wp\/v2\/tags?post=364837"}],"curies":[{"name":"wp","href":"https:\/\/api.w.org\/{rel}","templated":true}]}}