{"id":364851,"date":"2025-08-22T16:47:11","date_gmt":"2025-08-22T16:47:11","guid":{"rendered":"https:\/\/www.europesays.com\/de\/364851\/"},"modified":"2025-08-22T16:47:11","modified_gmt":"2025-08-22T16:47:11","slug":"jubilaeum-in-essen-thw-zeigt-was-es-kann","status":"publish","type":"post","link":"https:\/\/www.europesays.com\/de\/364851\/","title":{"rendered":"Jubil\u00e4um in Essen: THW zeigt was es kann"},"content":{"rendered":"<p class=\"small date article__date\">Ver\u00f6ffentlicht:\u00a0Freitag, 22.08.2025 17:55<\/p>\n<p>Essen steht im Mittelpunkt der Gro\u00df\u00fcbung \u201eF\u00dcLEX25\u201c des Technischen Hilfswerks (THW). Es finden zahlreiche Aktionen statt, die die Arbeit des Zivilschutzes erlebbar machen. Es gibt aber auch \u00dcbungen in anderen St\u00e4dten.<\/p>\n<p><img decoding=\"async\" alt=\"THW Ortsverband Essen\" src=\"https:\/\/www.europesays.com\/de\/wp-content\/uploads\/2025\/08\/img_20160621_101542.jpg&#038;crop=0x204x3264x2040&#038;resize=1280x800&#038;dt=201907101927010.jpeg\" data-size=\"1280x800\"\/>\u00a9 Nico Geisen \/ Radio EssenJubil\u00e4um wird in Essen gefeiert<\/p>\n<p>Am\u00a0Samstag (23. August)\u00a0startet die gr\u00f6\u00dfte \u00dcbung in der Geschichte des THW in Nordrhein-Westfalen mit einer feierlichen Er\u00f6ffnung auf dem Gel\u00e4nde der Zeche Zollverein in Essen. Hier erwartet Euch:<\/p>\n<ul>\n<li><strong>THW zum Anfassen<\/strong>: Das THW pr\u00e4sentiert sein breites Einsatzspektrum in Vorf\u00fchrungen und Mitmachaktionen.<\/li>\n<li><strong>Podiumsdiskussion<\/strong>: Die G\u00e4ste diskutieren \u00fcber ehrenamtliches Engagement im Brand- und Katastrophenschutz.<\/li>\n<li><strong>Unterhaltung<\/strong>: Live-Musik sorgt f\u00fcr eine lockere Atmosph\u00e4re.<\/li>\n<\/ul>\n<p>Die Veranstaltung ist Teil des 75. Jubil\u00e4ums des THW und bietet eine einmalige Gelegenheit, die Arbeit der Zivilschutzbeh\u00f6rde hautnah zu erleben.<\/p>\n<p>Auch in anderen St\u00e4dten feiert das THW Jubil\u00e4um<\/p>\n<p>Neben Essen finden auch in anderen St\u00e4dten spannende \u00dcbungen statt:<\/p>\n<ul>\n<li><strong>M\u00f6nchengladbach, D\u00fcsseldorf und Duisburg<\/strong>: Am\u00a06. September 2025\u00a0liegt der Fokus auf Wassergefahren und Hochwasserschutz. \u00dcber 750 Einsatzkr\u00e4fte zeigen ihr K\u00f6nnen in den Bereichen Elektroversorgung, R\u00e4umen und Luftaufkl\u00e4rung.<\/li>\n<li><strong>Hilden<\/strong>: Hier werden weitere Szenarien ge\u00fcbt, die die Zivilschutzf\u00e4higkeit des THW unter Beweis stellen.<\/li>\n<\/ul>\n<p>Die \u00dcbungen sind nicht nur f\u00fcr die Einsatzkr\u00e4fte eine Herausforderung, sondern auch eine M\u00f6glichkeit, die Bev\u00f6lkerung f\u00fcr den Zivilschutz zu sensibilisieren.<\/p>\n<p>Mehr Nachrichten aus Essen<\/p>\n","protected":false},"excerpt":{"rendered":"Ver\u00f6ffentlicht:\u00a0Freitag, 22.08.2025 17:55 Essen steht im Mittelpunkt der Gro\u00df\u00fcbung \u201eF\u00dcLEX25\u201c des Technischen Hilfswerks (THW). Es finden zahlreiche Aktionen&hellip;\n","protected":false},"author":2,"featured_media":364852,"comment_status":"","ping_status":"","sticky":false,"template":"","format":"standard","meta":{"footnotes":""},"categories":[1834],"tags":[8113,3275,100081,3364,29,3688,30,1209,7540,6647],"class_list":{"0":"post-364851","1":"post","2":"type-post","3":"status-publish","4":"format-standard","5":"has-post-thumbnail","7":"category-essen","8":"tag-bung","9":"tag-lokalnachrichten","10":"tag-technischeshilfswerk","11":"tag-de","12":"tag-deutschland","13":"tag-essen","14":"tag-germany","15":"tag-nordrhein-westfalen","16":"tag-thw","17":"tag-zollverein"},"share_on_mastodon":{"url":"https:\/\/pubeurope.com\/@de\/115073439745611444","error":""},"_links":{"self":[{"href":"https:\/\/www.europesays.com\/de\/wp-json\/wp\/v2\/posts\/364851","targetHints":{"allow":["GET"]}}],"collection":[{"href":"https:\/\/www.europesays.com\/de\/wp-json\/wp\/v2\/posts"}],"about":[{"href":"https:\/\/www.europesays.com\/de\/wp-json\/wp\/v2\/types\/post"}],"author":[{"embeddable":true,"href":"https:\/\/www.europesays.com\/de\/wp-json\/wp\/v2\/users\/2"}],"replies":[{"embeddable":true,"href":"https:\/\/www.europesays.com\/de\/wp-json\/wp\/v2\/comments?post=364851"}],"version-history":[{"count":0,"href":"https:\/\/www.europesays.com\/de\/wp-json\/wp\/v2\/posts\/364851\/revisions"}],"wp:featuredmedia":[{"embeddable":true,"href":"https:\/\/www.europesays.com\/de\/wp-json\/wp\/v2\/media\/364852"}],"wp:attachment":[{"href":"https:\/\/www.europesays.com\/de\/wp-json\/wp\/v2\/media?parent=364851"}],"wp:term":[{"taxonomy":"category","embeddable":true,"href":"https:\/\/www.europesays.com\/de\/wp-json\/wp\/v2\/categories?post=364851"},{"taxonomy":"post_tag","embeddable":true,"href":"https:\/\/www.europesays.com\/de\/wp-json\/wp\/v2\/tags?post=364851"}],"curies":[{"name":"wp","href":"https:\/\/api.w.org\/{rel}","templated":true}]}}