{"id":364859,"date":"2025-08-22T16:51:28","date_gmt":"2025-08-22T16:51:28","guid":{"rendered":"https:\/\/www.europesays.com\/de\/364859\/"},"modified":"2025-08-22T16:51:28","modified_gmt":"2025-08-22T16:51:28","slug":"neu-in-leipzig-august-2025","status":"publish","type":"post","link":"https:\/\/www.europesays.com\/de\/364859\/","title":{"rendered":"Neu in Leipzig: August 2025"},"content":{"rendered":"<p>LOOKBOOK STORE<\/p>\n<p><img fetchpriority=\"high\" decoding=\"async\" width=\"1024\" height=\"768\" src=\"https:\/\/www.europesays.com\/de\/wp-content\/uploads\/2025\/08\/IMG_9597-1-1024x768.jpg\" alt=\"\" class=\"wp-image-358420\"  \/><\/p>\n<p>\u00a9 Sophie Rochlitzer<\/p>\n<p>Es gibt viel zu entdecken beim Lookbook Store<\/p>\n<p>Seit Juli im Westwerk er\u00f6ffnet, bringt der Lookbook Store frischen Glanz in Leipzigs Secondhandszene. Hier trifft Y2K-\u00c4sthetik auf Retro-Vibes, gepaart mit Slow Fashion und einer klaren Haltung: nachhaltig, individuell und mit ganz viel Stil. Die ausgew\u00e4hlten St\u00fccke sind oft upcycled, farbenfroh und herrlich fetzig \u2013 von Glitzertops \u00fcber Vintage-Jacken bis hin zu handgemachtem Schmuck.<\/p>\n<p>Zwischen handverlesenen Secondhand-Outfits, Kunst, Postkarten, Postern und kleinen Sch\u00e4tzen lokaler K\u00fcnstler*innen kann man stundenlang st\u00f6bern. F\u00fcr Verschnaufpausen gibt\u2019s eine gem\u00fctliche Sitzecke drau\u00dfen, die zum Verweilen und Schnacken einl\u00e4dt. Ein echter Geheimtipp f\u00fcr alle, die Mode, Nachhaltigkeit und kreative Vielfalt lieben.<\/p>\n<p>\ud83d\udccd Westwerk Karl-Heine-Stra\u00dfe 85c, 04229 Leipzig<\/p>\n<p>\u23f0 Mi\u2013Fr: 14\u201319 Uhr &amp; Sa: 11\u201319 Uhr<\/p>\n<p>\ud83d\udca1 Insta @<a href=\"https:\/\/www.instagram.com\/lookbook_store_leipzig\/\" rel=\"nofollow noopener\" target=\"_blank\">lookbook_store_leipzig<\/a><\/p>\n<p>SPORTBAD AM RABET<\/p>\n<p><img loading=\"lazy\" decoding=\"async\" width=\"1024\" height=\"574\" src=\"https:\/\/www.europesays.com\/de\/wp-content\/uploads\/2025\/08\/Screenshot-2025-08-22-084351-1024x574.png\" alt=\"\" class=\"wp-image-358412\"  \/><\/p>\n<p>\u00a9 Leipziger Gruppe<\/p>\n<p>Das neue Schwimmbad am Rabet ist er\u00f6ffnet.<\/p>\n<p>Nach drei Jahren Bauzeit ist es endlich soweit: Ab dem 11. August 2025 sind die T\u00fcren des neuen Sportbads am Rabet ge\u00f6ffnet. P\u00fcnktlich zum Schulstart k\u00f6nnen Schulen, Vereine und Freizeitschwimmer*innen das topmoderne Schwimmzentrum nutzen \u2013 inklusive 25-Meter-Becken, Lehrbecken und einem Planschbereich f\u00fcr Kinder. Damit schafft die Stadt dringend ben\u00f6tigte Wasserfl\u00e4chen und f\u00f6rdert zugleich Gesundheit, Sport und Begegnung.<\/p>\n<p>Besonders durchdacht: Die Schwimmbereiche sind akustisch getrennt, um ruhiges Training und entspannte Badezeiten parallel zu erm\u00f6glichen. Erg\u00e4nzt wird das Angebot durch einen Athletikraum, Besprechungsr\u00e4ume f\u00fcr Vereine und einen offenen Aufenthaltsbereich mit Foyer. Das neue Bad am Otto-Runki-Platz ist damit ein wichtiger Beitrag zur Schwimmf\u00f6rderung und sportlichen Infrastruktur der Stadt. Auf die Pl\u00e4tze, fertig, schwimmen!<\/p>\n<p>\ud83d\udccd Otto-Runki-Platz 1, 04315 Leipzig<\/p>\n<p>\u23f0 Mo &amp; Do: 07-09 Uhr; Di, Mi, Fr: 15-21 Uhr; Sa &amp; So: 14-20<\/p>\n<p>CAF\u00c9 GAZZO<\/p>\n<p><img loading=\"lazy\" decoding=\"async\" width=\"1024\" height=\"768\" src=\"https:\/\/www.europesays.com\/de\/wp-content\/uploads\/2025\/08\/IMG_9485-1024x768.jpg\" alt=\"\" class=\"wp-image-358423\"  \/><\/p>\n<p>\u00a9 Sophie Rochlitzer<\/p>\n<p>Leckere Shakshuka im Caf\u00e9 Gazzo.<\/p>\n<p>Neu, lecker und richtig gem\u00fctlich: Das Caf\u00e9 Gazzo ist der neue Place to Be f\u00fcr alle, deren Lieblingsmahlzeit Brunch hei\u00dft. Mit hausgemachten kurdischen Spezialit\u00e4ten und einer entspannten Atmosph\u00e4re l\u00e4dt das zentral gelegene Caf\u00e9 zum Genie\u00dfen und Verweilen ein \u2013 ob bei Shakshuka, Avocado-Brot, einem bunten Falafel-Teller oder einer Acai-Bowl mit frischen Fr\u00fcchten.<\/p>\n<p>Dazu gibt\u2019s Smoothies, Matcha, aromatischen Kaffee und nat\u00fcrlich selbst gebackenen Kuchen. Perfekt f\u00fcr ein langes Fr\u00fchst\u00fcck mit Freund*innen oder die kleine Pause vom Alltag. Caf\u00e9 Gazzo ist ein echter Hotspot f\u00fcr alle Brunch-Fans und Foodies.<\/p>\n<p>\ud83d\udccd K\u00f6nneritzstra\u00dfe 46, 04229 Leipzig<\/p>\n<p>\u23f0 Mo\u2013Sa: 09\u201320 Uhr &amp; So: 11\u201318:30 Uhr<\/p>\n<p>\ud83d\udca1 Insta @<a href=\"https:\/\/www.instagram.com\/cafe_gazzo\/\" rel=\"nofollow noopener\" target=\"_blank\">cafe_gazzo<\/a><\/p>\n<p>TURBO FRITTEN<\/p>\n<p><img loading=\"lazy\" decoding=\"async\" width=\"1024\" height=\"768\" src=\"https:\/\/www.europesays.com\/de\/wp-content\/uploads\/2025\/08\/IMG_0303-1024x768.jpg\" alt=\"\" class=\"wp-image-358434\"  \/><\/p>\n<p>\u00a9 Sophie Rochlitzer<\/p>\n<p>Hausgemachte Fritten mit leckeren Saucen gibt\u2019s ab sofort auf der Sachsenbr\u00fccke<\/p>\n<p>Leipzig bekommt Zuwachs auf vier R\u00e4dern: Mit Turbo Fritten rollt diesen Sommer ein neuer Foodtruck durch die Stadt \u2013 und bringt handgeschnittene, doppelt frittierte belgische Fritten aus regionalen Kartoffeln mit. Serviert werden die goldenen Knusper-Sticks mit hausgemachten Saucen, die jede Portion zum Geschmackserlebnis machen \u2013 von klassisch bis kreativ und mit veganen Optionen.<\/p>\n<p>Ob an der Sachsenbr\u00fccke, auf Festivals oder bei deinem Event, wo genau der Truck als N\u00e4chstes auftaucht, erfahrt ihr auf Instagram. Dort wird der aktuelle Standort regelm\u00e4\u00dfig ver\u00f6ffentlicht und aktualisiert. <\/p>\n<p>Geheimtipp: Bald kann man sogar direkt vom Wasser aus bestellen. Wie das funktioniert? Das bleibt geheim, bis man es selbst herausfindet.<a href=\"https:\/\/www.instagram.com\/lookbook_store_leipzig\/\" rel=\"nofollow noopener\" target=\"_blank\"><\/p>\n<p>\ud83d\udccd Sachsenbr\u00fccke<\/p>\n<p>\u23f0 Do \u2013 So (Abweichungen m\u00f6glich)<\/p>\n<p>\ud83d\udca1 Insta @<a href=\"https:\/\/www.instagram.com\/cafe_gazzo\/\" rel=\"nofollow noopener\" target=\"_blank\">turbo_fritten<\/a><\/p>\n<p>LACK SECONDHAND<\/p>\n<p><img loading=\"lazy\" decoding=\"async\" width=\"2560\" height=\"1920\" src=\"https:\/\/www.europesays.com\/de\/wp-content\/uploads\/2025\/08\/IMG_9684-1-edited-scaled.jpg\" alt=\"\" class=\"wp-image-358427\"  \/>Ausgew\u00e4hlte Secondhand Mode bei Lack! <\/p>\n<p>Frisch er\u00f6ffnet in Leipzig: Lack ist der neue Secondhand-Store f\u00fcr alle, die Mode lieben aber nachhaltiger unterwegs sein wollen. Gr\u00fcnderin Andrea kuratiert handverlesene Pieces von angesagten Marken, trendige Einzelst\u00fccke und echte Vintage-Sch\u00e4tze.<\/p>\n<p>Besonders cool: Du kannst nicht nur st\u00f6bern, sondern auch deine ausrangierten Lieblinge verkaufen und bekommst bis zu 50\u202f% des Verkaufspreises. Einfach, fair und komplett stressfrei.<\/p>\n<p>Au\u00dfer dem Laden gibt es auch einen <a href=\"https:\/\/lack-secondhand.my.canva.site\/?fbclid=PAZXh0bgNhZW0CMTEAAaeh9ctS3sJsI68s8ZrT8ROe-qnZdhnDy9IGRn30JegDFqhrggJyu-Wlrf0-vw_aem_0gHRrTfgB5Qt86F7w3Ej_g\" rel=\"nofollow noopener\" target=\"_blank\">Online-Shop<\/a>, wo du gem\u00fctlich vom eigenen Sofa deine neuen Lieblingsteile shoppen kannst. Ein Must-Visit f\u00fcr alle, die es nachhaltig, stilvoll und lokal lieben. <\/p>\n<p>\ud83d\udccd R\u00f6delstra\u00dfe 20, Leipzig<\/p>\n<p>\u23f0 Mi: 15-18 Uhr, Do &amp; Fr: 13-18 Uhr, Sa: 12-18 Uhr<\/p>\n<p>\ud83d\udca1 Insta @<a href=\"https:\/\/www.instagram.com\/lack.secondhand\/\" target=\"_blank\" rel=\"noreferrer noopener nofollow\">lack.secondhand<\/a><\/p>\n<p>Bergmann\u2019s Roll On &amp; LOOK 360<strong>\u00b0 <\/strong>Panorama Turm<\/p>\n<p><img loading=\"lazy\" decoding=\"async\" width=\"2559\" height=\"1919\" src=\"https:\/\/www.europesays.com\/de\/wp-content\/uploads\/2025\/08\/Rollschuh-Schnueren-c-Maximilian-Doss-1-edited.jpg\" alt=\"\" class=\"wp-image-358426\"  \/>Rollschuhe ausleihen und losrollen!<\/p>\n<p>Leipzig hat gleich zwei neue Attraktionen zu bieten! Direkt in der City l\u00e4dt eine brandneue Rollschuhbahn dazu ein, die Runden zu drehen, ob mit ersten wackligen Versuchen oder coolen Moves zu Musik und Lichtershow. Am Wochenende verwandelt sich die Bahn sogar in eine echte Rollschuh-Disco. Wer eine Pause braucht, entspannt in den Lounges oder st\u00e4rkt sich im Gastro-Dorf mit Eis, Brezeln, Baguettes, Pommes, Cocktails oder einem k\u00fchlen Bier. Rollschuhe gibt\u2019s zum Ausleihen vor Ort (Gr\u00f6\u00dfen 22 bis 47).<\/p>\n<p>Und es wartet noch ein weiteres Highlight auf dem Augustusplatz: Der neue <strong>\u201eLOOK 360\u00b0 Panorama-Turm\u201c<\/strong> er\u00f6ffnet und bietet in 75 Metern H\u00f6he einen spektakul\u00e4ren Rundumblick \u00fcber ganz Leipzig.<\/p>\n<p>\ud83d\udccd Augustusplatz, Leipzig<\/p>\n<p>\u23f0 16. August bis 20. September 2025<\/p>\n<p>      Mo-Do: 13 \u2013 22 Uhr<\/p>\n<p>      Fr-So: 12 \u2013 22 Uhr<\/p>\n<p>\ud83d\udca1 Insta @<a href=\"https:\/\/www.instagram.com\/bergmanns_rollon\/?hl=de\" target=\"_blank\" rel=\"noreferrer noopener nofollow\">bergmanns_rollon<\/a><\/p>\n<p><strong>Du hast das Gef\u00fchl du hast was verpasst? Dann check doch mal die\u00a0<a href=\"https:\/\/www.urbanite.net\/leipzig\/artikel\/neu-in-leipzig-juli-2025-teil-1\/\" target=\"_blank\" rel=\"noreferrer noopener nofollow\">Neuheiten im Juli<\/a> aus!<\/strong><\/p>\n<p>            <script async src=\"\/\/www.instagram.com\/embed.js\"><\/script><\/p>\n","protected":false},"excerpt":{"rendered":"LOOKBOOK STORE \u00a9 Sophie Rochlitzer Es gibt viel zu entdecken beim Lookbook Store Seit Juli im Westwerk er\u00f6ffnet,&hellip;\n","protected":false},"author":2,"featured_media":364860,"comment_status":"","ping_status":"","sticky":false,"template":"","format":"standard","meta":{"footnotes":""},"categories":[1832],"tags":[3364,29,30,71,859],"class_list":{"0":"post-364859","1":"post","2":"type-post","3":"status-publish","4":"format-standard","5":"has-post-thumbnail","7":"category-leipzig","8":"tag-de","9":"tag-deutschland","10":"tag-germany","11":"tag-leipzig","12":"tag-sachsen"},"share_on_mastodon":{"url":"https:\/\/pubeurope.com\/@de\/115073455856230978","error":""},"_links":{"self":[{"href":"https:\/\/www.europesays.com\/de\/wp-json\/wp\/v2\/posts\/364859","targetHints":{"allow":["GET"]}}],"collection":[{"href":"https:\/\/www.europesays.com\/de\/wp-json\/wp\/v2\/posts"}],"about":[{"href":"https:\/\/www.europesays.com\/de\/wp-json\/wp\/v2\/types\/post"}],"author":[{"embeddable":true,"href":"https:\/\/www.europesays.com\/de\/wp-json\/wp\/v2\/users\/2"}],"replies":[{"embeddable":true,"href":"https:\/\/www.europesays.com\/de\/wp-json\/wp\/v2\/comments?post=364859"}],"version-history":[{"count":0,"href":"https:\/\/www.europesays.com\/de\/wp-json\/wp\/v2\/posts\/364859\/revisions"}],"wp:featuredmedia":[{"embeddable":true,"href":"https:\/\/www.europesays.com\/de\/wp-json\/wp\/v2\/media\/364860"}],"wp:attachment":[{"href":"https:\/\/www.europesays.com\/de\/wp-json\/wp\/v2\/media?parent=364859"}],"wp:term":[{"taxonomy":"category","embeddable":true,"href":"https:\/\/www.europesays.com\/de\/wp-json\/wp\/v2\/categories?post=364859"},{"taxonomy":"post_tag","embeddable":true,"href":"https:\/\/www.europesays.com\/de\/wp-json\/wp\/v2\/tags?post=364859"}],"curies":[{"name":"wp","href":"https:\/\/api.w.org\/{rel}","templated":true}]}}