{"id":364865,"date":"2025-08-22T16:54:10","date_gmt":"2025-08-22T16:54:10","guid":{"rendered":"https:\/\/www.europesays.com\/de\/364865\/"},"modified":"2025-08-22T16:54:10","modified_gmt":"2025-08-22T16:54:10","slug":"die-schoensten-camping-stellplaetze-zum-caravan-salon","status":"publish","type":"post","link":"https:\/\/www.europesays.com\/de\/364865\/","title":{"rendered":"Die sch\u00f6nsten Camping-Stellpl\u00e4tze zum Caravan Salon"},"content":{"rendered":"<p class=\"text_ohne_einzug richtext text-em-55 !leading-serif mx-6 desktop:mx-0\">Man sieht sie nicht nur auf den Stra\u00dfen in Richtung Meer oder Berge, sondern auch mitten in der Stadt: Camper str\u00f6men mit ihren Wohnmobilen und Caravans nach D\u00fcsseldorf. Einige kommen f\u00fcr den St\u00e4dtetrip mit \u00dcbernachtungen am Rheinufer oder im Gr\u00fcnen. Andere zur weltgr\u00f6\u00dften Campingmesse, dem Caravan Salon, der am 29. August startet. Dann ist der Reiz dieser besonderen Art zu Reisen in der ganzen Stadt sp\u00fcrbar.<\/p>\n","protected":false},"excerpt":{"rendered":"Man sieht sie nicht nur auf den Stra\u00dfen in Richtung Meer oder Berge, sondern auch mitten in der&hellip;\n","protected":false},"author":2,"featured_media":364866,"comment_status":"","ping_status":"","sticky":false,"template":"","format":"standard","meta":{"footnotes":""},"categories":[1831],"tags":[85130,100087,3364,29,100082,100084,3405,30,100085,100086,100083,1209,100088,132,85131],"class_list":{"0":"post-364865","1":"post","2":"type-post","3":"status-publish","4":"format-standard","5":"has-post-thumbnail","7":"category-duesseldorf","8":"tag-amet","9":"tag-clita","10":"tag-de","11":"tag-deutschland","12":"tag-diam","13":"tag-dolor","14":"tag-duesseldorf","15":"tag-germany","16":"tag-ipsum","17":"tag-kasd","18":"tag-lorem","19":"tag-nordrhein-westfalen","20":"tag-rebum","21":"tag-sed","22":"tag-sit"},"share_on_mastodon":{"url":"https:\/\/pubeurope.com\/@de\/115073467300942200","error":""},"_links":{"self":[{"href":"https:\/\/www.europesays.com\/de\/wp-json\/wp\/v2\/posts\/364865","targetHints":{"allow":["GET"]}}],"collection":[{"href":"https:\/\/www.europesays.com\/de\/wp-json\/wp\/v2\/posts"}],"about":[{"href":"https:\/\/www.europesays.com\/de\/wp-json\/wp\/v2\/types\/post"}],"author":[{"embeddable":true,"href":"https:\/\/www.europesays.com\/de\/wp-json\/wp\/v2\/users\/2"}],"replies":[{"embeddable":true,"href":"https:\/\/www.europesays.com\/de\/wp-json\/wp\/v2\/comments?post=364865"}],"version-history":[{"count":0,"href":"https:\/\/www.europesays.com\/de\/wp-json\/wp\/v2\/posts\/364865\/revisions"}],"wp:featuredmedia":[{"embeddable":true,"href":"https:\/\/www.europesays.com\/de\/wp-json\/wp\/v2\/media\/364866"}],"wp:attachment":[{"href":"https:\/\/www.europesays.com\/de\/wp-json\/wp\/v2\/media?parent=364865"}],"wp:term":[{"taxonomy":"category","embeddable":true,"href":"https:\/\/www.europesays.com\/de\/wp-json\/wp\/v2\/categories?post=364865"},{"taxonomy":"post_tag","embeddable":true,"href":"https:\/\/www.europesays.com\/de\/wp-json\/wp\/v2\/tags?post=364865"}],"curies":[{"name":"wp","href":"https:\/\/api.w.org\/{rel}","templated":true}]}}