{"id":364870,"date":"2025-08-22T16:57:11","date_gmt":"2025-08-22T16:57:11","guid":{"rendered":"https:\/\/www.europesays.com\/de\/364870\/"},"modified":"2025-08-22T16:57:11","modified_gmt":"2025-08-22T16:57:11","slug":"neuer-studio-ghibli-pop-up-store-zieht-fans-an","status":"publish","type":"post","link":"https:\/\/www.europesays.com\/de\/364870\/","title":{"rendered":"Neuer Studio Ghibli Pop-up-Store zieht Fans an"},"content":{"rendered":"<p>Langes Anstehen erwartet <\/p>\n<p>Studio Ghibli lockt wieder: Neuer Pop-up-Store \u00f6ffnet<\/p>\n<p>22.08.2025 &#8211; 18:27 UhrLesedauer: 1 Min.<\/p>\n<p><a href=\"#focus-0\" class=\"transition-colors duration-200 focus-within:text-magenta block text-current relative\" data-sctrack=\"FocusGalleryImage.Reference\"><img fetchpriority=\"high\" data-testid=\"Opener.Image\" style=\"--lqipURL:url('https:\/\/images.t-online.de\/2025\/08\/dw28ulaCym6w\/0x0:4000x2250\/fit-in\/150x0\/filters:blur(25)\/ein-ghibli-store-in-shanghai-archivfoto-eine-grosse-auswahl-an-produkten-erwartet-auch-fans-in-frankfurt.jpg')\"   loading=\"eager\" src=\"https:\/\/www.europesays.com\/de\/wp-content\/uploads\/2025\/08\/ein-ghibli-store-in-shanghai-archivfoto-eine-grosse-auswahl-an-produkten-erwartet-auch-fans-in-frank.jpeg\" alt=\"imago images 0820668288\" title=\"imago images 0820668288\" width=\"4000\" height=\"2250\" class=\"bg-[url:var(--lqipURL)] bg-cover bg-center flex h-full w-full max-w-full\" decoding=\"async\"\/><img style=\"--width:32;--height:32\" loading=\"lazy\" src=\"https:\/\/frankfurt.t-online.de\/s\/paper\/_next\/static\/media\/zoom-in.f7dae02f.svg\" alt=\"Vergr\u00f6\u00dfern des Bildes\" title=\"Vergr\u00f6\u00dfern des Bildes\" class=\"block h-[calc(var(--height)_\/_16_*_1rem)] w-[calc(var(--width)_\/_16_*_1rem)] max-w-none absolute bottom-8 right-8 rounded-4 bg-snow p-8\" decoding=\"async\"\/><\/a><\/p>\n<p>Ein Ghibli-Store in Shanghai (Archivfoto): Eine gro\u00dfe Auswahl an Produkten erwartet auch Fans in Frankfurt. (Quelle: IMAGO\/CFOTO)<\/p>\n<p class=\"font-bold text-18 leading-17\">Frankfurt wird erneut zum Anziehungspunkt f\u00fcr Anime-Fans: &#8222;Studio Ghibli&#8220; er\u00f6ffnet einen Pop-up-Store, der viele Besucher anlocken d\u00fcrfte.<\/p>\n<p class=\"text-18 leading-17\">Am Samstag ist es so weit: Das Animationsstudio &#8222;Studio Ghibli&#8220; er\u00f6ffnet einen exklusiven Pop-up-Store in Frankfurt. Bis zum 4. Oktober werden in der Berliner Stra\u00dfe 27 allerlei Merchandise-Artikel f\u00fcr Ghibli-Fans angeboten.<\/p>\n<p class=\"text-18 leading-17\">Einen \u00e4hnlichen Shop in Frankfurt gab es bereits vor zwei Jahren \u2013 damals noch im nicht weit entfernten Comic-Laden &#8222;Atomax&#8220; in der Domstra\u00dfe. Der Andrang war zur Er\u00f6ffnung riesig. Fans berichteten in den sozialen Netzwerken von meterlangen Schlangen. Teilweise sollen die Anime-Begeisterten f\u00fcnf Stunden lang in der Warteschlange gestanden haben.<\/p>\n<p class=\"text-18 leading-17\">Veranstaltet wird der bevorstehende Pop-up-Store ebenfalls von &#8222;Atomax&#8220;. Auf Instagram gibt der Laden eine Vorschau zu den erh\u00e4ltlichen Produkten. So finden sich etwa kleine Figuren, Pl\u00fcschtiere der Filmcharaktere oder auch Pins und Geschirr im Sortiment.<\/p>\n<p class=\"text-18 leading-17\">Das japanische Animationsstudio &#8222;Studio Ghibli&#8220; ist vor allem f\u00fcr die Produktion von Anime-Filmen bekannt. Acht Filme des Studios sind in der Top 15 der umsatzst\u00e4rksten Anime-Filme aller Zeiten vertreten \u2013 darunter etwa &#8222;Chihiros Reise ins Zauberland&#8220;. Vier Filme von &#8222;Studio Ghibli&#8220; wurden zudem f\u00fcr den Oscar nominiert.<\/p>\n<p class=\"text-18 leading-17\">Der Pop-up-Store wird montags bis donnerstags von 12 bis 18 Uhr ge\u00f6ffnet sowie Freitag von 12 Uhr bis 19 Uhr und Samstag von 11 Uhr bis 19 Uhr. Sonntags bleibt er geschlossen.<\/p>\n","protected":false},"excerpt":{"rendered":"Langes Anstehen erwartet Studio Ghibli lockt wieder: Neuer Pop-up-Store \u00f6ffnet 22.08.2025 &#8211; 18:27 UhrLesedauer: 1 Min. Ein Ghibli-Store&hellip;\n","protected":false},"author":2,"featured_media":364871,"comment_status":"","ping_status":"","sticky":false,"template":"","format":"standard","meta":{"footnotes":""},"categories":[1829],"tags":[100091,100090,749,24023,29,2050,2051,30,2052,152,3989],"class_list":{"0":"post-364870","1":"post","2":"type-post","3":"status-publish","4":"format-standard","5":"has-post-thumbnail","7":"category-frankfurt-am-main","8":"tag-animationsstudio","9":"tag-anziehungspunkt","10":"tag-archivfoto","11":"tag-berliner-strasse","12":"tag-deutschland","13":"tag-frankfurt","14":"tag-frankfurt-am-main","15":"tag-germany","16":"tag-hessen","17":"tag-instagram","18":"tag-shanghai"},"share_on_mastodon":{"url":"https:\/\/pubeurope.com\/@de\/115073479371689682","error":""},"_links":{"self":[{"href":"https:\/\/www.europesays.com\/de\/wp-json\/wp\/v2\/posts\/364870","targetHints":{"allow":["GET"]}}],"collection":[{"href":"https:\/\/www.europesays.com\/de\/wp-json\/wp\/v2\/posts"}],"about":[{"href":"https:\/\/www.europesays.com\/de\/wp-json\/wp\/v2\/types\/post"}],"author":[{"embeddable":true,"href":"https:\/\/www.europesays.com\/de\/wp-json\/wp\/v2\/users\/2"}],"replies":[{"embeddable":true,"href":"https:\/\/www.europesays.com\/de\/wp-json\/wp\/v2\/comments?post=364870"}],"version-history":[{"count":0,"href":"https:\/\/www.europesays.com\/de\/wp-json\/wp\/v2\/posts\/364870\/revisions"}],"wp:featuredmedia":[{"embeddable":true,"href":"https:\/\/www.europesays.com\/de\/wp-json\/wp\/v2\/media\/364871"}],"wp:attachment":[{"href":"https:\/\/www.europesays.com\/de\/wp-json\/wp\/v2\/media?parent=364870"}],"wp:term":[{"taxonomy":"category","embeddable":true,"href":"https:\/\/www.europesays.com\/de\/wp-json\/wp\/v2\/categories?post=364870"},{"taxonomy":"post_tag","embeddable":true,"href":"https:\/\/www.europesays.com\/de\/wp-json\/wp\/v2\/tags?post=364870"}],"curies":[{"name":"wp","href":"https:\/\/api.w.org\/{rel}","templated":true}]}}