{"id":364872,"date":"2025-08-22T16:58:11","date_gmt":"2025-08-22T16:58:11","guid":{"rendered":"https:\/\/www.europesays.com\/de\/364872\/"},"modified":"2025-08-22T16:58:11","modified_gmt":"2025-08-22T16:58:11","slug":"hausbesetzung-in-frankfurt-aktivisten-muessen-haus-an-lahnstrasse-bis-montag-raeumen","status":"publish","type":"post","link":"https:\/\/www.europesays.com\/de\/364872\/","title":{"rendered":"Hausbesetzung in Frankfurt: Aktivisten m\u00fcssen Haus an Lahnstra\u00dfe bis Montag r\u00e4umen"},"content":{"rendered":"<p class=\"p1 sm:p1-medium items-start pb-[20px]\" data-selector=\"body-paragraph\" data-external-selector=\"body-elements-paragraph\" data-v-f16c667d=\"\" data-v-439309db=\"\">Noch weist nichts darauf hin, dass das Ladenlokal an der Lahnstra\u00dfe im Frankfurter Stadtteil Gallus wohl bald schon ger\u00e4umt werden wird. Von au\u00dfen macht das Geb\u00e4ude noch immer den Eindruck, als formiere sich dort der Widerstand gegen die st\u00e4dtische Liegenschaftspolitik, verbunden mit einer Kritik an Israel und der Solidarit\u00e4t mit Pal\u00e4stina.<\/p>\n<p class=\"p1 sm:p1-medium items-start pb-[20px]\" data-selector=\"body-paragraph\" data-external-selector=\"body-elements-paragraph\" data-v-f16c667d=\"\" data-v-439309db=\"\">Doch sp\u00e4testens seit Donnerstagabend ist den Besetzern bekannt, dass ihr Rechtsbruch in K\u00fcrze ein Ende finden wird. Dem Vernehmen nach hat Baudezernentin <a class=\"rtr-entity\" data-rtr-entity=\"Sylvia Weber\" data-rtr-id=\"427c4aaeb6ee710d09a87ed6c1d096befcfdc8f2\" data-rtr-score=\"220.36041358936484\" data-rtr-etype=\"person\" href=\"https:\/\/www.faz.net\/aktuell\/politik\/thema\/sylvia-weber\" title=\"Sylvia Weber\" rel=\"nofollow noopener\" target=\"_blank\">Sylvia Weber<\/a> (SPD) die Besetzer aufgesucht und ihnen mitgeteilt, dass sie das Geb\u00e4ude bis Montag verlassen m\u00fcssen. Sollten sie das nicht tun, werde die Stadt einen R\u00e4umungstitel erwirken.<\/p>\n<p class=\"p1 sm:p1-medium items-start pb-[20px]\" data-selector=\"body-paragraph\" data-external-selector=\"body-elements-paragraph\" data-v-f16c667d=\"\" data-v-439309db=\"\">Am Donnerstag hat Oberb\u00fcrgermeister <a class=\"rtr-entity\" data-rtr-entity=\"Mike Josef\" data-rtr-id=\"25fe19476f5370f9883613eaf62e54ccb7bb343e\" data-rtr-score=\"174.28892171344165\" data-rtr-etype=\"person\" href=\"https:\/\/www.faz.net\/aktuell\/rhein-main\/thema\/mike-josef\" title=\"Mike Josef\" rel=\"nofollow noopener\" target=\"_blank\">Mike Josef<\/a> (SPD) gemeinsam mit Weber mitgeteilt, dass die Stadt ihre bisherige Haltung zu Hausbesetzungen \u00e4ndern werde \u2013 eine Tolerierung solcher Aktionen werde es k\u00fcnftig nicht mehr geben. Weber hatte zun\u00e4chst entschieden, die Besetzung an der Lahnstra\u00dfe zu dulden und den Besetzern sogar einen Nutzungsvertrag anzubieten. Nun machte Josef deutlich, er und die Dezernentin seien an einer Neuausrichtung der st\u00e4dtischen Liegenschaftspolitik interessiert.<\/p>\n<p>\u201eImmobilien schnellstens wieder nutzbar machen\u201c<\/p>\n<p class=\"p1 sm:p1-medium items-start pb-[20px]\" data-selector=\"body-paragraph\" data-external-selector=\"body-elements-paragraph\" data-v-f16c667d=\"\" data-v-439309db=\"\">Man sei sich nun darin einig, das derzeit besetzte Ladenlokal an der Lahnstra\u00dfe \u201ezeitnah einer Nutzung f\u00fcr den Stadtteil, zum Beispiel f\u00fcr ein Quartiersmanagement, zur Verf\u00fcgung zu stellen\u201c, hei\u00dft es in einer gemeinsamen Erkl\u00e4rung. Angesichts dieser Neuausrichtung der Liegenschaftspolitik sei nicht mit weiteren Besetzungen zu rechnen. Sollte es dennoch dazu kommen, werde man umgehend r\u00e4umen. Ein Vorgehen, das bei k\u00fcnftigen F\u00e4llen dieser Art Standard werde.<\/p>\n<p class=\"p1 sm:p1-medium items-start pb-[20px]\" data-selector=\"body-paragraph\" data-external-selector=\"body-elements-paragraph\" data-v-f16c667d=\"\" data-v-439309db=\"\">Die Neuregelung sieht dar\u00fcber hinaus vor, dass leer stehende Liegenschaften der Stadt Frankfurt k\u00fcnftig nicht mehr von Baudezernentin Sylvia Weber (<a class=\"rtr-entity\" data-rtr-entity=\"SPD\" data-rtr-id=\"c2d4fa5cdfe3231ed958e72fcd36d6afd3774812\" data-rtr-score=\"53.583456425406204\" data-rtr-etype=\"organisation\" href=\"https:\/\/www.faz.net\/aktuell\/politik\/thema\/spd\" title=\"SPD\" rel=\"nofollow noopener\" target=\"_blank\">SPD<\/a>) verwaltet werden, sondern von der st\u00e4dtischen Wohnungsbaugesellschaft ABG. In Abstimmung mit Weber habe Josef Gespr\u00e4che mit dem Gesch\u00e4ftsf\u00fchrer der ABG Holding, Frank Junker, gef\u00fchrt. Demnach sollen st\u00e4dtische Immobilien, die schon l\u00e4nger leer stehen, z\u00fcgig von der ABG \u00fcberpr\u00fcft und, wenn n\u00f6tig, saniert werden. Das gelte f\u00fcr Gewerbe- ebenso wie f\u00fcr Wohnimmobilien. Mittel f\u00fcr die Sanierung habe sie f\u00fcr den st\u00e4dtischen Haushalt 2026 angemeldet, so Weber.<\/p>\n<p class=\"p1 sm:p1-medium items-start pb-[20px]\" data-selector=\"body-paragraph\" data-external-selector=\"body-elements-paragraph\" data-v-f16c667d=\"\" data-v-439309db=\"\">Ziel sei es, \u201ediese Immobilien schnellstens wieder nutzbar zu machen und den bestehenden Leerstand zu beenden\u201c. Die Stadt arbeite nun \u201emit Nachdruck daran, den Leerstand zu beseitigen\u201c. Gerade wegen des Mangels an bezahlbaren Wohnungen teile er \u201eden \u00c4rger vieler Menschen \u00fcber diesen Missstand, der sich \u00fcber viele Jahre entwickelt hat\u201c, sagte der Oberb\u00fcrgermeister.<\/p>\n<p class=\"p1 sm:p1-medium items-start pb-[20px]\" data-selector=\"body-paragraph\" data-external-selector=\"body-elements-paragraph\" data-v-f16c667d=\"\" data-v-439309db=\"\">Zustimmung zu diesem Vorgehen si\u00adgnalisierten am Freitag die oppositionelle <a class=\"rtr-entity\" data-rtr-entity=\"CDU\" data-rtr-id=\"30eb8234582224cf91e66839fb0c63a8cca9d541\" data-rtr-score=\"14.809453471196454\" data-rtr-etype=\"organisation\" href=\"https:\/\/www.faz.net\/aktuell\/politik\/thema\/cdu\" title=\"CDU\" rel=\"nofollow noopener\" target=\"_blank\">CDU<\/a> und die vor wenigen Wochen aus der Koalition ausgeschiedene FDP. Weber sei bisher offenbar nicht willens gewesen, bei der rechtswidrigen Besetzung st\u00e4dtischen Eigentums konsequent zu handeln, sagte der sicherheitspolitische Sprecher der CDU-Fraktion, Martin-Benedikt Sch\u00e4fer. Nach Einsch\u00e4tzung von FDP-Fraktionschef Yanki P\u00fcrs\u00fcn wirkt \u201eder \u00fcber Wochen aufgebaute politische Druck\u201c. Keine offizielle Reaktion kam von den verbliebenen Koalitionsfraktionen Gr\u00fcne, SPD und Volt.<\/p>\n<p>KI-Artikelchat nutzen<\/p>\n<p>Mit der kostenlosen Registrierung nutzen Sie Vorteile wie den Merkzettel.&#13;<br \/>\n                Dies ist&#13;<br \/>\n                kein Abo und kein Zugang zu FAZ+&#13;<br \/>\n                Artikeln.<\/p>\n<p>Sie haben Zugriff mit Ihrem Digital-Abo.<\/p>\n<p>Vielen Dank f\u00fcr Ihre Registrierung<\/p>\n<p>            <a data-registered-resend=\"\" adobe-track=\"true\"\/><br \/>\n            <a data-loggedin-continue=\"\" adobe-track=\"true\"\/><br \/>\n            <a data-login=\"\" adobe-track=\"true\"\/><br \/>\n            <a data-register=\"\" adobe-track=\"true\"\/><\/p>\n<p class=\"p1 sm:p1-medium items-start pb-[20px]\" data-selector=\"body-paragraph\" data-external-selector=\"body-elements-paragraph\" data-v-f16c667d=\"\" data-v-439309db=\"\">Die Besetzung an der Lahnstra\u00dfe sowie der Umgang damit hatten f\u00fcr gro\u00dfe Emp\u00f6rung gesorgt. Unter den Besetzern befinden sich den Erkenntnissen zufolge linksextreme Gruppierungen sowie Pro-Pal\u00e4stina-Demonstranten. Schon im Herbst 2023 waren die R\u00e4ume einer ehemaligen Gastst\u00e4tte in einem st\u00e4dtischen Geb\u00e4ude an der Jordanstra\u00dfe im Stadtteil Bockenheim besetzt worden, ebenfalls von einer linksgerichteten Gruppierung. In beiden F\u00e4llen stellte Weber den Besetzern Nutzungsvertr\u00e4ge in Aussicht. Davon ist jetzt keine Rede mehr. Die Geb\u00e4ude hatte die Stadt vor mehreren Jahren \u00fcber Vorkaufsrechte erworben, um Luxussanierungen zu verhindern.<\/p>\n<p class=\"p1 sm:p1-medium items-start pb-[20px]\" data-selector=\"body-paragraph\" data-external-selector=\"body-elements-paragraph\" data-v-f16c667d=\"\" data-v-439309db=\"\">Die \u00dcbertragung der leer stehenden Wohnungen an die ABG Holding ist schon lange im Gespr\u00e4ch. Schon seit Jahren wird dar\u00fcber diskutiert, den gesamten, rund 1000 Einheiten umfassenden Wohnungsbestand der Stadt der Wohnungsbaugesellschaft zu \u00fcbertragen. Bisher ist es allerdings nicht zu einer L\u00f6sung gekommen. ABG-Gesch\u00e4ftsf\u00fchrer <a class=\"rtr-entity\" data-rtr-entity=\"Frank Junker\" data-rtr-id=\"bbc097b779149ce0154f16e4dc12f78c50baea01\" data-rtr-score=\"36.65583456425406\" data-rtr-etype=\"person\" href=\"https:\/\/www.faz.net\/aktuell\/rhein-main\/thema\/frank-junker\" title=\"Frank Junker\" rel=\"nofollow noopener\" target=\"_blank\">Frank Junker<\/a> verwies in der Vergangenheit darauf, dass aus den Mieteinnahmen die Kosten f\u00fcr die anstehenden Sanierungen nicht zu erwirtschaften seien. Allenfalls als Dienstleister f\u00fcr die Stadt k\u00f6nne die ABG t\u00e4tig werden. Die anfallenden Kosten m\u00fcssten erstattet werden.<\/p>\n<p class=\"p1 sm:p1-medium items-start pb-[20px]\" data-selector=\"body-paragraph\" data-external-selector=\"body-elements-paragraph\" data-v-f16c667d=\"\" data-v-439309db=\"\">Im Fall der insgesamt neun Immobilien in sogenannten Milieuschutzgebieten, die die Stadt \u00fcber Vorkaufsrechte erworben hat, k\u00e4me eine \u00dcbertragung an die ABG ohnehin nicht infrage. Denn sie m\u00fcssen wieder dem privaten Markt zur Verf\u00fcgung gestellt werden \u2013 so sieht es eine Vorschrift des Baugesetzbuches vor. Die st\u00e4dtische ABG erf\u00fcllt die Bedingungen nicht.<\/p>\n<p class=\"p1 sm:p1-medium items-start pb-[20px]\" data-selector=\"body-paragraph\" data-external-selector=\"body-elements-paragraph\" data-v-f16c667d=\"\" data-v-439309db=\"\">Die Reprivatisierung der zum Teil stark sanierungsbed\u00fcrftigen H\u00e4user sollte bisher \u00fcber die Vergabe von Erbbaurechten erfolgen. Nach langer Vorbereitung unter Beteiligung mehrerer st\u00e4dtischer \u00c4mter wurde als Pilotprojekt die Ausschreibung eines Wohn- und Gesch\u00e4ftshauses an der Wittelsbacherallee im Ostend auf den Weg gebracht.<\/p>\n<p class=\"p1 sm:p1-medium items-start pb-[20px]\" data-selector=\"body-paragraph\" data-external-selector=\"body-elements-paragraph\" data-v-f16c667d=\"\" data-v-439309db=\"\">Damit beauftragt wurde die Entwicklungsgesellschaft KEG, an der die Stadt 50 Prozent der Anteile h\u00e4lt. Erst nach Abschluss des Pilotprojekts sollten die \u00fcbrigen acht Immobilien ausgeschrieben werden. Erst k\u00fcrzlich teilte das Baudezernat mit, dass die beiden besetzten Geb\u00e4ude nicht vor Ende 2027 an der Reihe seien. Durch den jetzt verk\u00fcndeten Strategiewechsel werden sie m\u00f6glicherweise schon fr\u00fcher wieder nutzbar.<\/p>\n","protected":false},"excerpt":{"rendered":"Noch weist nichts darauf hin, dass das Ladenlokal an der Lahnstra\u00dfe im Frankfurter Stadtteil Gallus wohl bald schon&hellip;\n","protected":false},"author":2,"featured_media":364873,"comment_status":"","ping_status":"","sticky":false,"template":"","format":"standard","meta":{"footnotes":""},"categories":[1829],"tags":[29,2050,2051,30,2052],"class_list":{"0":"post-364872","1":"post","2":"type-post","3":"status-publish","4":"format-standard","5":"has-post-thumbnail","7":"category-frankfurt-am-main","8":"tag-deutschland","9":"tag-frankfurt","10":"tag-frankfurt-am-main","11":"tag-germany","12":"tag-hessen"},"share_on_mastodon":{"url":"https:\/\/pubeurope.com\/@de\/115073483144318464","error":""},"_links":{"self":[{"href":"https:\/\/www.europesays.com\/de\/wp-json\/wp\/v2\/posts\/364872","targetHints":{"allow":["GET"]}}],"collection":[{"href":"https:\/\/www.europesays.com\/de\/wp-json\/wp\/v2\/posts"}],"about":[{"href":"https:\/\/www.europesays.com\/de\/wp-json\/wp\/v2\/types\/post"}],"author":[{"embeddable":true,"href":"https:\/\/www.europesays.com\/de\/wp-json\/wp\/v2\/users\/2"}],"replies":[{"embeddable":true,"href":"https:\/\/www.europesays.com\/de\/wp-json\/wp\/v2\/comments?post=364872"}],"version-history":[{"count":0,"href":"https:\/\/www.europesays.com\/de\/wp-json\/wp\/v2\/posts\/364872\/revisions"}],"wp:featuredmedia":[{"embeddable":true,"href":"https:\/\/www.europesays.com\/de\/wp-json\/wp\/v2\/media\/364873"}],"wp:attachment":[{"href":"https:\/\/www.europesays.com\/de\/wp-json\/wp\/v2\/media?parent=364872"}],"wp:term":[{"taxonomy":"category","embeddable":true,"href":"https:\/\/www.europesays.com\/de\/wp-json\/wp\/v2\/categories?post=364872"},{"taxonomy":"post_tag","embeddable":true,"href":"https:\/\/www.europesays.com\/de\/wp-json\/wp\/v2\/tags?post=364872"}],"curies":[{"name":"wp","href":"https:\/\/api.w.org\/{rel}","templated":true}]}}