{"id":364921,"date":"2025-08-22T17:24:15","date_gmt":"2025-08-22T17:24:15","guid":{"rendered":"https:\/\/www.europesays.com\/de\/364921\/"},"modified":"2025-08-22T17:24:15","modified_gmt":"2025-08-22T17:24:15","slug":"us-hauptstadt-truppen-der-nationalgarde-in-washington-d-c-werden-bewaffnet","status":"publish","type":"post","link":"https:\/\/www.europesays.com\/de\/364921\/","title":{"rendered":"US-Hauptstadt: Truppen der Nationalgarde in Washington, D.C. werden bewaffnet"},"content":{"rendered":"<p class=\"paragraph article__item\">US-Verteidigungsminister Pete Hegseth hat die Bewaffnung der Truppen der Nationalgarde f\u00fcr ihren umstrittenen Einsatz in <a class=\"rtr-entity\" href=\"https:\/\/www.zeit.de\/thema\/washington\" target=\"_blank\" rel=\"noopener\">Washington<\/a>, D. C. angeordnet. Das teilte das US-Verteidigungsministerium Pentagon mit. Ein Grund f\u00fcr die Bewaffnung wurde nicht genannt. Vergangene Woche hatte das Verteidigungsministerium noch mitgeteilt, die Truppen w\u00fcrden keine Waffen tragen.\n<\/p>\n<p class=\"paragraph article__item\">Zuvor drohte\u00a0<a href=\"https:\/\/www.zeit.de\/thema\/donald-trump\" class=\"\" target=\"_blank\" rel=\"noopener\">US-Pr\u00e4sident Donald Trump<\/a> im Streit mit der Verwaltung von <a href=\"https:\/\/www.zeit.de\/thema\/washington\" class=\"\" target=\"_blank\" rel=\"noopener\">Washington<\/a>, D. C. mit einer &#8222;kompletten und totalen&#8220; \u00dcbernahme des Hauptstadtbezirks durch den Bund. Neben der Nationalgarde ist auch die <a class=\"rtr-entity\" href=\"https:\/\/www.zeit.de\/thema\/polizei\" target=\"_blank\" rel=\"noopener\">Polizei<\/a> dort weiterhin im Einsatz. Washington sei jetzt &#8222;wieder sicher&#8220;, behauptete Trump. Auf der Onlineplattform Truth Social schrieb er, die Menschen k\u00e4men zur\u00fcck in die Stadt und die Stimmung sei gut.\u00a0\n<\/p>\n<p class=\"paragraph article__item\">&#8222;So schlimm wie es klingt, aber diese Woche gab es erstmals seit Menschengedenken keine Morde&#8220;, teilte Trump weiter mit. Die B\u00fcrgermeisterin Muriel Bowser forderte er auf, keine &#8222;falschen und h\u00f6chst ungenauen Verbrechensstatistiken&#8220; zu verbreiten, ansonsten w\u00fcrden &#8222;schlechte Dinge passieren \u2013 darunter eine komplette und totale \u00dcbernahme der Stadt durch den Bund&#8220;.\n<\/p>\n<p>        Mehr als 800 Nationalgardisten im Einsatz        <\/p>\n<p class=\"paragraph article__item\">Damit bezieht sich Trump auf die Kritik der B\u00fcrgermeisterin. Diese hatte zuvor argumentiert, dass die Kriminalit\u00e4t in der Hauptstadt bereits seit den letzten zwei Jahren zur\u00fcckgegangen sei. Die Statistiken best\u00e4tigten dies. Die <a href=\"https:\/\/www.zeit.de\/politik\/ausland\/2025-08\/usa-washington-donald-trump-polizei-klage\" class=\"\" target=\"_blank\" rel=\"noopener\">Verwaltung von Washington, D. C. klagt deswegen gegen die Trump-Regierung<\/a>. Sie werfen dem Pr\u00e4sidenten vor, durch die <a class=\"rtr-entity\" href=\"https:\/\/www.zeit.de\/thema\/uebernahme\" target=\"_blank\" rel=\"noopener\">\u00dcbernahme<\/a> der Polizei\u00a0seine Befugnisse \u00fcberschritten zu haben.\u00a0\n<\/p>\n<p class=\"paragraph article__item\">Der <a href=\"https:\/\/www.zeit.de\/politik\/2025-08\/donald-trump-washington-nationalgarde\" class=\"\" target=\"_blank\" rel=\"noopener\">US-Pr\u00e4sident hatte Washingtons Polizei f\u00fcr 30 Tage unter die Aufsicht des Bundes gestellt<\/a> und <a href=\"https:\/\/www.zeit.de\/politik\/ausland\/2025-08\/nationalgarde-us-hauptstadt-washington-aufstockung\" class=\"\" target=\"_blank\" rel=\"noopener\">mehr als 800 Nationalgardisten<\/a> in den Hauptstadtdistrikt entsandt. Dies hatte er mit einer angeblich katastrophalen Sicherheitslage vor Ort begr\u00fcndet, wobei er sich insbesondere auf eine scheinbare Welle von Gewaltkriminalit\u00e4t bezog, die mit dem Einsatz bek\u00e4mpft werden sollte.\n<\/p>\n<p>            Nationalgarde in Washington        <\/p>\n<p>Mehr zu diesem Thema <\/p>\n<p>                <a href=\"https:\/\/www.zeit.de\/politik\/ausland\/2025-08\/donald-trump-washington-dc-nationalgarde-kontrolle\" data-ct-label=\"Donald Trump: Mit Soldaten gegen Obdachlose\" target=\"_blank\" rel=\"noopener\"><\/p>\n<p>        Z+ (abopflichtiger Inhalt);<\/p>\n<p>    Donald Trump:<br \/>\n                        Mit Soldaten gegen Obdachlose<\/p>\n<p>                <\/a><\/p>\n<p>                <a href=\"https:\/\/www.zeit.de\/politik\/ausland\/2025-08\/nationalgarde-washington-d-c-militaer-festnahmen-donald-trump-gxe\" data-ct-label=\"Nationalgarde in Washington, D. C.: Eine ganze Stadt als Feind im Inneren\" target=\"_blank\" rel=\"noopener\"><\/p>\n<p>        Z+ (abopflichtiger Inhalt);<\/p>\n<p>    Nationalgarde in Washington, D. C.:<br \/>\n                        Eine ganze Stadt als Feind im Inneren<\/p>\n<p>                <\/a><\/p>\n<p>                <a href=\"https:\/\/www.zeit.de\/politik\/ausland\/2025-08\/donald-trump-nationalgarde-washington-alaska-ok-america\" data-ct-label=\"Donald Trump: Er nennt es &quot;Tag der Befreiung&quot;\" target=\"_blank\" rel=\"noopener\"><\/p>\n<p>                        Donald Trump:<br \/>\n                        Er nennt es &#8222;Tag der Befreiung&#8220;<\/p>\n<p>                <\/a><\/p>\n","protected":false},"excerpt":{"rendered":"US-Verteidigungsminister Pete Hegseth hat die Bewaffnung der Truppen der Nationalgarde f\u00fcr ihren umstrittenen Einsatz in Washington, D. C.&hellip;\n","protected":false},"author":2,"featured_media":364922,"comment_status":"","ping_status":"","sticky":false,"template":"","format":"standard","meta":{"footnotes":""},"categories":[5],"tags":[99322,106,13,1584,14,47757,15,16,121,12,10,8,9,11,2910,94520,64,320],"class_list":{"0":"post-364921","1":"post","2":"type-post","3":"status-publish","4":"format-standard","5":"has-post-thumbnail","7":"category-nachrichten","8":"tag-autoritarismus","9":"tag-donald-trump","10":"tag-headlines","11":"tag-kriminalitaet","12":"tag-nachrichten","13":"tag-nationalgarde","14":"tag-news","15":"tag-politik","16":"tag-polizei","17":"tag-schlagzeilen","18":"tag-top-news","19":"tag-top-meldungen","20":"tag-topmeldungen","21":"tag-topnews","22":"tag-uebernahme","23":"tag-us-hauptstadt","24":"tag-usa","25":"tag-washington"},"share_on_mastodon":{"url":"https:\/\/pubeurope.com\/@de\/115073585291964392","error":""},"_links":{"self":[{"href":"https:\/\/www.europesays.com\/de\/wp-json\/wp\/v2\/posts\/364921","targetHints":{"allow":["GET"]}}],"collection":[{"href":"https:\/\/www.europesays.com\/de\/wp-json\/wp\/v2\/posts"}],"about":[{"href":"https:\/\/www.europesays.com\/de\/wp-json\/wp\/v2\/types\/post"}],"author":[{"embeddable":true,"href":"https:\/\/www.europesays.com\/de\/wp-json\/wp\/v2\/users\/2"}],"replies":[{"embeddable":true,"href":"https:\/\/www.europesays.com\/de\/wp-json\/wp\/v2\/comments?post=364921"}],"version-history":[{"count":0,"href":"https:\/\/www.europesays.com\/de\/wp-json\/wp\/v2\/posts\/364921\/revisions"}],"wp:featuredmedia":[{"embeddable":true,"href":"https:\/\/www.europesays.com\/de\/wp-json\/wp\/v2\/media\/364922"}],"wp:attachment":[{"href":"https:\/\/www.europesays.com\/de\/wp-json\/wp\/v2\/media?parent=364921"}],"wp:term":[{"taxonomy":"category","embeddable":true,"href":"https:\/\/www.europesays.com\/de\/wp-json\/wp\/v2\/categories?post=364921"},{"taxonomy":"post_tag","embeddable":true,"href":"https:\/\/www.europesays.com\/de\/wp-json\/wp\/v2\/tags?post=364921"}],"curies":[{"name":"wp","href":"https:\/\/api.w.org\/{rel}","templated":true}]}}