{"id":364927,"date":"2025-08-22T17:27:10","date_gmt":"2025-08-22T17:27:10","guid":{"rendered":"https:\/\/www.europesays.com\/de\/364927\/"},"modified":"2025-08-22T17:27:10","modified_gmt":"2025-08-22T17:27:10","slug":"ueberfall-auf-baeckerei-am-exerzierplatz-in-kiel-polizei-sucht-zeugen","status":"publish","type":"post","link":"https:\/\/www.europesays.com\/de\/364927\/","title":{"rendered":"\u00dcberfall auf B\u00e4ckerei am Exerzierplatz in Kiel: Polizei sucht Zeugen"},"content":{"rendered":"<p>T\u00e4ter gefl\u00fcchtet<\/p>\n<p>\u00dcberfall auf B\u00e4ckerei am Exerzierplatz: Polizei in Kiel sucht Zeugen<\/p>\n<p>Anh\u00f6renApp \u00f6ffnen<\/p>\n<p class=\"Textstyled__Text-sc-1cqv9mi-0 cLyiiX ArticleHeadstyled__ArticleSubHeadline-sc-tdzyy5-11 fXdZot\">Am Exerzierplatz in Kiel ist eine B\u00e4ckerei \u00fcberfallen worden. Wie erst jetzt bekannt wurde, fl\u00fcchtete der T\u00e4ter am Sonntag, 17. August, mit einer geringen Menge Bargeld. Die Polizei sucht jetzt Zeugen.<\/p>\n<p class=\"Textstyled__Text-sc-1cqv9mi-0 cLyiiX\">Kiel. Eine B\u00e4ckerei an der Ecke Knooper Weg\/Exerzierplatz ist am Sonntag, 17. August, \u00fcberfallen worden. Ein Unbekannter war am fr\u00fchen Morgen durch den Hintereingang in das Geb\u00e4ude eingedrungen. Er bedrohte nach Angaben der Polizei Kiel zwei Angestellte mit einem Messer und forderte Geld.<\/p>\n<p>Weiterlesen nach der Anzeige<\/p>\n<p>Weiterlesen nach der Anzeige<\/p>\n<p class=\"Textstyled__Text-sc-1cqv9mi-0 cLyiiX\">Der T\u00e4ter griff sich einen geringen Betrag aus der Kasse und fl\u00fcchtete Richtung Jungfernstieg. Besonders auff\u00e4llig sei, dass er mit einer Wasserwaage in der Hand weggelaufen sei.<\/p>\n<p>\u00dcberfall auf B\u00e4ckerei in Kiel: So wird der T\u00e4ter beschrieben<\/p>\n<p class=\"Textstyled__Text-sc-1cqv9mi-0 cLyiiX\">Die Angestellten der <a href=\"https:\/\/www.kn-online.de\/themen\/backerei\/\" target=\"_blank\" rel=\"nofollow noopener\" title=\"https:\/\/www.kn-online.de\/themen\/backerei\/\" data-vars-event-category=\"intext_link\" data-vars-event-action=\"click\" data-vars-event-label=\"https:\/\/www.kn-online.de\/themen\/backerei\/\">B\u00e4ckerei<\/a> sch\u00e4tzten den Mann auf circa 30 Jahre, 1,80 Meter gro\u00df, mit einer schlanken Statur. Er hat blonde Haare und tr\u00e4gt eine Brille. Zum Zeitpunkt des \u00dcberfalls trug er einen schwarzen Kapuzenpullover, schwarze Jeans und schwarze Schuhe. Der Mann sprach nach Angaben der <a href=\"https:\/\/www.kn-online.de\/themen\/polizei\/\" target=\"_blank\" rel=\"nofollow noopener\" title=\"https:\/\/www.kn-online.de\/themen\/polizei\/\" data-vars-event-category=\"intext_link\" data-vars-event-action=\"click\" data-vars-event-label=\"https:\/\/www.kn-online.de\/themen\/polizei\/\">Polizei<\/a> akzentfreies Deutsch.<\/p>\n<p>Weiterlesen nach der Anzeige<\/p>\n<p>Weiterlesen nach der Anzeige<\/p>\n<p class=\"Textstyled__Text-sc-1cqv9mi-0 cLyiiX\">Die Kriminalpolizei sucht jetzt Zeugen, die etwas von dem \u00dcberfall am Exerzierplatz bemerkt haben oder Hinweise zu dem Mann geben k\u00f6nnen. Informationen werden unter Tel. 0431\/160-3333 entgegengenommen.<\/p>\n<p class=\"Editorialstyled__Editorial-sc-5u8rgl-0 cBUuy\">KN<\/p>\n","protected":false},"excerpt":{"rendered":"T\u00e4ter gefl\u00fcchtet \u00dcberfall auf B\u00e4ckerei am Exerzierplatz: Polizei in Kiel sucht Zeugen Anh\u00f6renApp \u00f6ffnen Am Exerzierplatz in Kiel&hellip;\n","protected":false},"author":2,"featured_media":364928,"comment_status":"","ping_status":"","sticky":false,"template":"","format":"standard","meta":{"footnotes":""},"categories":[1852],"tags":[3364,29,548,663,3934,30,13,4949,14,15,12,1971],"class_list":{"0":"post-364927","1":"post","2":"type-post","3":"status-publish","4":"format-standard","5":"has-post-thumbnail","7":"category-kiel","8":"tag-de","9":"tag-deutschland","10":"tag-eu","11":"tag-europa","12":"tag-europe","13":"tag-germany","14":"tag-headlines","15":"tag-kiel","16":"tag-nachrichten","17":"tag-news","18":"tag-schlagzeilen","19":"tag-schleswig-holstein"},"share_on_mastodon":{"url":"https:\/\/pubeurope.com\/@de\/115073597119345147","error":""},"_links":{"self":[{"href":"https:\/\/www.europesays.com\/de\/wp-json\/wp\/v2\/posts\/364927","targetHints":{"allow":["GET"]}}],"collection":[{"href":"https:\/\/www.europesays.com\/de\/wp-json\/wp\/v2\/posts"}],"about":[{"href":"https:\/\/www.europesays.com\/de\/wp-json\/wp\/v2\/types\/post"}],"author":[{"embeddable":true,"href":"https:\/\/www.europesays.com\/de\/wp-json\/wp\/v2\/users\/2"}],"replies":[{"embeddable":true,"href":"https:\/\/www.europesays.com\/de\/wp-json\/wp\/v2\/comments?post=364927"}],"version-history":[{"count":0,"href":"https:\/\/www.europesays.com\/de\/wp-json\/wp\/v2\/posts\/364927\/revisions"}],"wp:featuredmedia":[{"embeddable":true,"href":"https:\/\/www.europesays.com\/de\/wp-json\/wp\/v2\/media\/364928"}],"wp:attachment":[{"href":"https:\/\/www.europesays.com\/de\/wp-json\/wp\/v2\/media?parent=364927"}],"wp:term":[{"taxonomy":"category","embeddable":true,"href":"https:\/\/www.europesays.com\/de\/wp-json\/wp\/v2\/categories?post=364927"},{"taxonomy":"post_tag","embeddable":true,"href":"https:\/\/www.europesays.com\/de\/wp-json\/wp\/v2\/tags?post=364927"}],"curies":[{"name":"wp","href":"https:\/\/api.w.org\/{rel}","templated":true}]}}