{"id":364933,"date":"2025-08-22T17:30:12","date_gmt":"2025-08-22T17:30:12","guid":{"rendered":"https:\/\/www.europesays.com\/de\/364933\/"},"modified":"2025-08-22T17:30:12","modified_gmt":"2025-08-22T17:30:12","slug":"wahlarena-von-ihk-und-rp-mit-den-ob-kandidaten-in-moenchengladbach","status":"publish","type":"post","link":"https:\/\/www.europesays.com\/de\/364933\/","title":{"rendered":"Wahlarena von IHK und RP mit den OB-Kandidaten in M\u00f6nchengladbach"},"content":{"rendered":"<p class=\"text_ohne_einzug richtext text-em-55 !leading-serif mx-6 desktop:mx-0\">Der Ort der von der Industrie- und Handelskammer (IHK) Mittlerer Niederrhein und Rheinischer Post veranstalteten Podiumsdiskussion am 21. August gab bereits einen wichtigen Hinweis, wohin es in Teilen der Wirtschaft in Zukunft geht. Im alten Polizeipr\u00e4sidium, das sich zum Wissens- und Innovationscampus entwickeln soll, begr\u00fc\u00dften IHK-Vize-Pr\u00e4sident Claus Schwenzer und IHK-Hauptgesch\u00e4ftsf\u00fchrer J\u00fcrgen Steinmetz rund 170 G\u00e4ste und betonten die Bedeutung der <a href=\"https:\/\/rp-online.de\/thema\/kommunalwahl\/\" target=\"_blank\" rel=\"noopener\">Kommunalwahl<\/a> am 14. September. Der Grad der Wirtschaftsfreundlichkeit im Rathaus k\u00f6nne entscheidend sein f\u00fcr M\u00f6nchengladbachs Zukunft. \u201eDer neue Oberb\u00fcrgermeister sollte der Wirtschaft deshalb gro\u00dfe Priorit\u00e4t geben\u201c, appellierte Steinmetz an die f\u00fcnf Kandidaten, die sich den Fragen der Leitenden Regionalredakteurin der Rheinischen Post, Denisa Richters, stellten: Amtsinhaber Felix Heinrichs (SPD), Christof Wellens (CDU), Marcel Klotz (Gr\u00fcne), Reiner Gutowski (FDP) und Sebastian Merkens (Linke). Auf das Podium hatte die IHK OB-Kandidaten eingeladen, die mit Fraktionen im aktuellen Stadtrat vertreten sind.<\/p>\n","protected":false},"excerpt":{"rendered":"Der Ort der von der Industrie- und Handelskammer (IHK) Mittlerer Niederrhein und Rheinischer Post veranstalteten Podiumsdiskussion am 21.&hellip;\n","protected":false},"author":2,"featured_media":364934,"comment_status":"","ping_status":"","sticky":false,"template":"","format":"standard","meta":{"footnotes":""},"categories":[1849],"tags":[3364,29,548,663,3934,30,13,5665,4455,14,15,1209,12],"class_list":{"0":"post-364933","1":"post","2":"type-post","3":"status-publish","4":"format-standard","5":"has-post-thumbnail","7":"category-moenchengladbach","8":"tag-de","9":"tag-deutschland","10":"tag-eu","11":"tag-europa","12":"tag-europe","13":"tag-germany","14":"tag-headlines","15":"tag-ihk","16":"tag-moenchengladbach","17":"tag-nachrichten","18":"tag-news","19":"tag-nordrhein-westfalen","20":"tag-schlagzeilen"},"share_on_mastodon":{"url":"https:\/\/pubeurope.com\/@de\/115073608925702224","error":""},"_links":{"self":[{"href":"https:\/\/www.europesays.com\/de\/wp-json\/wp\/v2\/posts\/364933","targetHints":{"allow":["GET"]}}],"collection":[{"href":"https:\/\/www.europesays.com\/de\/wp-json\/wp\/v2\/posts"}],"about":[{"href":"https:\/\/www.europesays.com\/de\/wp-json\/wp\/v2\/types\/post"}],"author":[{"embeddable":true,"href":"https:\/\/www.europesays.com\/de\/wp-json\/wp\/v2\/users\/2"}],"replies":[{"embeddable":true,"href":"https:\/\/www.europesays.com\/de\/wp-json\/wp\/v2\/comments?post=364933"}],"version-history":[{"count":0,"href":"https:\/\/www.europesays.com\/de\/wp-json\/wp\/v2\/posts\/364933\/revisions"}],"wp:featuredmedia":[{"embeddable":true,"href":"https:\/\/www.europesays.com\/de\/wp-json\/wp\/v2\/media\/364934"}],"wp:attachment":[{"href":"https:\/\/www.europesays.com\/de\/wp-json\/wp\/v2\/media?parent=364933"}],"wp:term":[{"taxonomy":"category","embeddable":true,"href":"https:\/\/www.europesays.com\/de\/wp-json\/wp\/v2\/categories?post=364933"},{"taxonomy":"post_tag","embeddable":true,"href":"https:\/\/www.europesays.com\/de\/wp-json\/wp\/v2\/tags?post=364933"}],"curies":[{"name":"wp","href":"https:\/\/api.w.org\/{rel}","templated":true}]}}