{"id":364935,"date":"2025-08-22T17:31:12","date_gmt":"2025-08-22T17:31:12","guid":{"rendered":"https:\/\/www.europesays.com\/de\/364935\/"},"modified":"2025-08-22T17:31:12","modified_gmt":"2025-08-22T17:31:12","slug":"radtour-durch-essen-fuer-den-guten-zweck","status":"publish","type":"post","link":"https:\/\/www.europesays.com\/de\/364935\/","title":{"rendered":"Radtour durch Essen f\u00fcr den guten Zweck"},"content":{"rendered":"<p class=\"small date article__date\">Ver\u00f6ffentlicht:\u00a0Freitag, 22.08.2025 17:55<\/p>\n<p>Der Lions Club Essen l\u00e4dt am Samstag (23. August) zur 2. Benefiz-Bike-Tour ein. Radeln, genie\u00dfen und Gutes tun \u2013 zugunsten der Kinder- und FamilienTISCHE!<\/p>\n<p><img decoding=\"async\" alt=\"\" src=\"https:\/\/www.europesays.com\/de\/wp-content\/uploads\/2025\/08\/20220623_4306.jpg&#038;crop=0x0x5369x3355&#038;resize=1280x799&#038;dt=202508221008580.jpeg\" data-size=\"1280x799\"\/>\u00a9 Martin M\u00f6ller \/Funke Foto ServicesRadeln in Essen f\u00fcr den guten Zweck: Die 2. Benefiz-Bike-Tour<\/p>\n<p>Nach dem Erfolg im letzten Jahr startet der Lions Club Essen-Ruhrtal am\u00a0Samstag (23. August) seine\u00a02. Benefiz-Bike-Tour. Die Veranstaltung steht ganz im Zeichen der Unterst\u00fctzung der\u00a0Kinder- und FamilienTISCHE\u00a0des Caritasverbandes Essen.<\/p>\n<p><strong>Die Strecke und Highlights<\/strong><\/p>\n<p>Bis zu 99 Teilnehmer \u2013 Erwachsene, Familien und Kinder \u2013 starten um\u00a010:00\u00a0Uhr\u00a0auf dem\u00a0Schultenhof\u00a0(Mendener Stra\u00dfe 266). Die ca. 35 km lange Strecke f\u00fchrt durch das h\u00fcgelige Ruhrtal und das Nachtigallental bis zum Halbachhammer, wo eine kostenfreie Besichtigung m\u00f6glich ist. Weitere Highlights der Tour:<\/p>\n<ul>\n<li><strong>Fahrt \u00fcber den\u00a0RS1-Radschnellweg<\/strong><\/li>\n<li><strong>Zwischenstopp am\u00a0Aquarius Wassermuseum\u00a0mit kostenfreier Besichtigung und Verpflegung<\/strong><\/li>\n<li><strong>R\u00fcckweg entlang der Ruhr mit optionaler Verl\u00e4ngerung \u00fcber Kettwig f\u00fcr sportliche Teilnehmer<\/strong><\/li>\n<\/ul>\n<p>Die Strecke ist f\u00fcr normale Fahrr\u00e4der geeignet,\u00a0E-Bikes\u00a0sind ebenfalls willkommen.<\/p>\n<p>Der Erl\u00f6s der Veranstaltung kommt den\u00a0Kinder- und FamilienTISCHEN\u00a0zugute. Dieses Projekt bietet unterst\u00fctzungsbed\u00fcrftigen Kindern und Familien in Essen ein kostenfreies Mittagessen sowie Spiel-, Bewegungs- und Lernf\u00f6rderangebote. Die Arbeit der Kinder- und FamilienTISCHE ist auf Spenden angewiesen, und der Lions Club Essen-Ruhrtal m\u00f6chte mit seiner Benefiz-Tour einen wichtigen Beitrag leisten.<\/p>\n<p>Mehr Nachrichten aus Essen<\/p>\n","protected":false},"excerpt":{"rendered":"Ver\u00f6ffentlicht:\u00a0Freitag, 22.08.2025 17:55 Der Lions Club Essen l\u00e4dt am Samstag (23. August) zur 2. Benefiz-Bike-Tour ein. Radeln, genie\u00dfen&hellip;\n","protected":false},"author":2,"featured_media":364936,"comment_status":"","ping_status":"","sticky":false,"template":"","format":"standard","meta":{"footnotes":""},"categories":[1848],"tags":[100097,6494,3364,29,548,663,3934,3658,30,13,5882,14,15,1209,5430,12],"class_list":{"0":"post-364935","1":"post","2":"type-post","3":"status-publish","4":"format-standard","5":"has-post-thumbnail","7":"category-gelsenkirchen","8":"tag-benefiz-veranstaltung","9":"tag-gute-nachrichten","10":"tag-de","11":"tag-deutschland","12":"tag-eu","13":"tag-europa","14":"tag-europe","15":"tag-gelsenkirchen","16":"tag-germany","17":"tag-headlines","18":"tag-lokalsport","19":"tag-nachrichten","20":"tag-news","21":"tag-nordrhein-westfalen","22":"tag-radtour","23":"tag-schlagzeilen"},"share_on_mastodon":{"url":"https:\/\/pubeurope.com\/@de\/115073612863782852","error":""},"_links":{"self":[{"href":"https:\/\/www.europesays.com\/de\/wp-json\/wp\/v2\/posts\/364935","targetHints":{"allow":["GET"]}}],"collection":[{"href":"https:\/\/www.europesays.com\/de\/wp-json\/wp\/v2\/posts"}],"about":[{"href":"https:\/\/www.europesays.com\/de\/wp-json\/wp\/v2\/types\/post"}],"author":[{"embeddable":true,"href":"https:\/\/www.europesays.com\/de\/wp-json\/wp\/v2\/users\/2"}],"replies":[{"embeddable":true,"href":"https:\/\/www.europesays.com\/de\/wp-json\/wp\/v2\/comments?post=364935"}],"version-history":[{"count":0,"href":"https:\/\/www.europesays.com\/de\/wp-json\/wp\/v2\/posts\/364935\/revisions"}],"wp:featuredmedia":[{"embeddable":true,"href":"https:\/\/www.europesays.com\/de\/wp-json\/wp\/v2\/media\/364936"}],"wp:attachment":[{"href":"https:\/\/www.europesays.com\/de\/wp-json\/wp\/v2\/media?parent=364935"}],"wp:term":[{"taxonomy":"category","embeddable":true,"href":"https:\/\/www.europesays.com\/de\/wp-json\/wp\/v2\/categories?post=364935"},{"taxonomy":"post_tag","embeddable":true,"href":"https:\/\/www.europesays.com\/de\/wp-json\/wp\/v2\/tags?post=364935"}],"curies":[{"name":"wp","href":"https:\/\/api.w.org\/{rel}","templated":true}]}}