{"id":364954,"date":"2025-08-22T17:41:10","date_gmt":"2025-08-22T17:41:10","guid":{"rendered":"https:\/\/www.europesays.com\/de\/364954\/"},"modified":"2025-08-22T17:41:10","modified_gmt":"2025-08-22T17:41:10","slug":"pkw-kommt-von-uellendahler-strasse-ab-und-faehrt-gegen-baum","status":"publish","type":"post","link":"https:\/\/www.europesays.com\/de\/364954\/","title":{"rendered":"Pkw kommt von Uellendahler Stra\u00dfe ab und f\u00e4hrt gegen Baum"},"content":{"rendered":"<p class=\"richtext text-em-55 !leading-serif mx-6 desktop:mx-0\">Nach Angaben der Polizei war das Auto gegen 17.40 Uhr Richtung D\u00f6nberg unterwegs. Ursache f\u00fcr den Unfall k\u00f6nnte nach derzeiten Stand erh\u00f6hte Geschwindigkeit gewesen sein, so die Polizei. Die Insassen wurden in Wuppertaler Krankenh\u00e4user gebracht.<\/p>\n<p class=\"richtext text-em-55 !leading-serif mx-6 desktop:mx-0\">Die Uellendahler Stra\u00dfe ist derzeit Richtung D\u00f6nberg gesperrt.<\/p>\n","protected":false},"excerpt":{"rendered":"Nach Angaben der Polizei war das Auto gegen 17.40 Uhr Richtung D\u00f6nberg unterwegs. Ursache f\u00fcr den Unfall k\u00f6nnte&hellip;\n","protected":false},"author":2,"featured_media":364955,"comment_status":"","ping_status":"","sticky":false,"template":"","format":"standard","meta":{"footnotes":""},"categories":[1840],"tags":[11036,3364,29,33479,30,18350,1209,14252,100103,524,52027,4418],"class_list":{"0":"post-364954","1":"post","2":"type-post","3":"status-publish","4":"format-standard","5":"has-post-thumbnail","7":"category-wuppertal","8":"tag-baum","9":"tag-de","10":"tag-deutschland","11":"tag-doenberg","12":"tag-germany","13":"tag-insassen","14":"tag-nordrhein-westfalen","15":"tag-richtung","16":"tag-saarstrasse","17":"tag-strasse","18":"tag-uellendahler","19":"tag-wuppertal"},"share_on_mastodon":{"url":"https:\/\/pubeurope.com\/@de\/115073652196353493","error":""},"_links":{"self":[{"href":"https:\/\/www.europesays.com\/de\/wp-json\/wp\/v2\/posts\/364954","targetHints":{"allow":["GET"]}}],"collection":[{"href":"https:\/\/www.europesays.com\/de\/wp-json\/wp\/v2\/posts"}],"about":[{"href":"https:\/\/www.europesays.com\/de\/wp-json\/wp\/v2\/types\/post"}],"author":[{"embeddable":true,"href":"https:\/\/www.europesays.com\/de\/wp-json\/wp\/v2\/users\/2"}],"replies":[{"embeddable":true,"href":"https:\/\/www.europesays.com\/de\/wp-json\/wp\/v2\/comments?post=364954"}],"version-history":[{"count":0,"href":"https:\/\/www.europesays.com\/de\/wp-json\/wp\/v2\/posts\/364954\/revisions"}],"wp:featuredmedia":[{"embeddable":true,"href":"https:\/\/www.europesays.com\/de\/wp-json\/wp\/v2\/media\/364955"}],"wp:attachment":[{"href":"https:\/\/www.europesays.com\/de\/wp-json\/wp\/v2\/media?parent=364954"}],"wp:term":[{"taxonomy":"category","embeddable":true,"href":"https:\/\/www.europesays.com\/de\/wp-json\/wp\/v2\/categories?post=364954"},{"taxonomy":"post_tag","embeddable":true,"href":"https:\/\/www.europesays.com\/de\/wp-json\/wp\/v2\/tags?post=364954"}],"curies":[{"name":"wp","href":"https:\/\/api.w.org\/{rel}","templated":true}]}}