{"id":364963,"date":"2025-08-22T17:46:15","date_gmt":"2025-08-22T17:46:15","guid":{"rendered":"https:\/\/www.europesays.com\/de\/364963\/"},"modified":"2025-08-22T17:46:15","modified_gmt":"2025-08-22T17:46:15","slug":"nord-stream-die-justiz-muss-den-anschlag-aufklaeren","status":"publish","type":"post","link":"https:\/\/www.europesays.com\/de\/364963\/","title":{"rendered":"Nord Stream: Die Justiz muss den Anschlag aufkl\u00e4ren"},"content":{"rendered":"<p class=\"p1 sm:p1-medium items-start pb-[20px]\" data-selector=\"body-paragraph\" data-external-selector=\"body-elements-paragraph\" data-v-f16c667d=\"\" data-v-439309db=\"\">W\u00e4hrend die russische Armee die Einwohner der ukrainischen Stadt Mariupol im Fr\u00fchling 2022 aushungerte und mit Bombenterror \u00fcberzog, gab sich der fr\u00fchere russische Pr\u00e4sident Medwedjew sicher: Die Gaspipeline Nord \u00adStream 2 habe noch eine \u201eerfreuliche Zukunft\u201c. Auf die Dauer, so seine Argumentation sinngem\u00e4\u00df, werde den Deutschen ihr Geld wichtiger sein als die <a class=\"rtr-entity\" data-rtr-entity=\"Ukraine\" data-rtr-id=\"acb898af5ea66a22c43878bf8691be74ce4ecd86\" data-rtr-score=\"16.054054054054053\" data-rtr-etype=\"location\" href=\"https:\/\/www.faz.net\/aktuell\/politik\/thema\/ukraine\" title=\"Ukraine\" rel=\"nofollow noopener\" target=\"_blank\">Ukraine<\/a>.<\/p>\n<p class=\"p1 sm:p1-medium items-start pb-[20px]\" data-selector=\"body-paragraph\" data-external-selector=\"body-elements-paragraph\" data-v-f16c667d=\"\" data-v-439309db=\"\">Zu dieser Zeit war das Projekt von Berlin schon f\u00fcr tot erkl\u00e4rt worden. Die Leitung durch die Ostsee, an der Politik und Wirtschaft in Deutschland wider alle Vernunft jahrelang festgehalten hatten, sollte nicht mehr in Betrieb gehen. Doch gleichzeitig hing Deutschlands Gasversorgung noch immer an deren \u00e4lterer Schwester <a class=\"rtr-entity\" data-rtr-entity=\"Nord Stream\" data-rtr-id=\"97e5f76a06f2d93af76095a9e86bcdc6351d8941\" data-rtr-score=\"14.1206279809221\" data-rtr-etype=\"keyword\" href=\"https:\/\/www.faz.net\/aktuell\/wirtschaft\/thema\/nord-stream-2\" title=\"Nord Stream\" rel=\"nofollow noopener\" target=\"_blank\">Nord Stream<\/a> 1. Um Deutschland unter Druck zu setzen, drosselte Russland im Sommer 2022 die Lieferungen. Im August hat der Kreml sie ganz eingestellt.<\/p>\n<p>Politische Dummheit und schwere Straftat<\/p>\n<p class=\"p1 sm:p1-medium items-start pb-[20px]\" data-selector=\"body-paragraph\" data-external-selector=\"body-elements-paragraph\" data-v-f16c667d=\"\" data-v-439309db=\"\">Nur wenige Wochen sp\u00e4ter wurden Nord Stream 2 und ein Strang von Nord Stream 1 durch Explosionen zerst\u00f6rt. Damals war unklar, wer die Tat begangen hatte, die in Europa erhebliche Verunsicherung hervorrief. Sie h\u00e4tte auch zum Stil des Kremls gepasst.<\/p>\n<p class=\"p1 sm:p1-medium items-start pb-[20px]\" data-selector=\"body-paragraph\" data-external-selector=\"body-elements-paragraph\" data-v-f16c667d=\"\" data-v-439309db=\"\">Doch die Motivlage der Ukrainer, die \u2013 wie man nun annehmen muss \u2013 dahintersteckten, ist deutlich schl\u00fcssiger: Ihnen stellte sich die Frage, ob Deutschland gegen\u00fcber dem russischen Druck standhaft bleiben w\u00fcrden. Das Misstrauen war nach der Vorgeschichte nicht unbegr\u00fcndet.<\/p>\n<p class=\"p1 sm:p1-medium items-start pb-[20px]\" data-selector=\"body-paragraph\" data-external-selector=\"body-elements-paragraph\" data-v-f16c667d=\"\" data-v-439309db=\"\">Das ist keine Rechtfertigung f\u00fcr den Anschlag. Politisch war er eine gro\u00dfe Dummheit. Er h\u00e4tte die Beziehungen zu einem der wichtigsten Verb\u00fcndeten der Ukraine besch\u00e4digen und dem Kreml einen Propagandaerfolg bescheren k\u00f6nnen.<\/p>\n<p class=\"p1 sm:p1-medium items-start pb-[20px]\" data-selector=\"body-paragraph\" data-external-selector=\"body-elements-paragraph\" data-v-f16c667d=\"\" data-v-439309db=\"\">Vor allem aber ist ein Sprengstoffanschlag au\u00dferhalb eines Kriegsgebiets eine schwere Straftat. Die Justiz muss sie ohne politische R\u00fccksichtnahme aufkl\u00e4ren und ahnden. Daher ist die Festnahme eines der mutma\u00dflichen Organisatoren in Italien zu begr\u00fc\u00dfen. Aufgabe der deutschen Politik bleibt es unabh\u00e4ngig von diesem Verfahren, die angegriffene Ukraine zu unterst\u00fctzen.<\/p>\n","protected":false},"excerpt":{"rendered":"W\u00e4hrend die russische Armee die Einwohner der ukrainischen Stadt Mariupol im Fr\u00fchling 2022 aushungerte und mit Bombenterror \u00fcberzog,&hellip;\n","protected":false},"author":2,"featured_media":364964,"comment_status":"","ping_status":"","sticky":false,"template":"","format":"standard","meta":{"footnotes":""},"categories":[4012],"tags":[331,332,13,14,15,12,317],"class_list":{"0":"post-364963","1":"post","2":"type-post","3":"status-publish","4":"format-standard","5":"has-post-thumbnail","7":"category-ukraine","8":"tag-aktuelle-nachrichten","9":"tag-aktuelle-news","10":"tag-headlines","11":"tag-nachrichten","12":"tag-news","13":"tag-schlagzeilen","14":"tag-ukraine"},"share_on_mastodon":{"url":"https:\/\/pubeurope.com\/@de\/115073671896525199","error":""},"_links":{"self":[{"href":"https:\/\/www.europesays.com\/de\/wp-json\/wp\/v2\/posts\/364963","targetHints":{"allow":["GET"]}}],"collection":[{"href":"https:\/\/www.europesays.com\/de\/wp-json\/wp\/v2\/posts"}],"about":[{"href":"https:\/\/www.europesays.com\/de\/wp-json\/wp\/v2\/types\/post"}],"author":[{"embeddable":true,"href":"https:\/\/www.europesays.com\/de\/wp-json\/wp\/v2\/users\/2"}],"replies":[{"embeddable":true,"href":"https:\/\/www.europesays.com\/de\/wp-json\/wp\/v2\/comments?post=364963"}],"version-history":[{"count":0,"href":"https:\/\/www.europesays.com\/de\/wp-json\/wp\/v2\/posts\/364963\/revisions"}],"wp:featuredmedia":[{"embeddable":true,"href":"https:\/\/www.europesays.com\/de\/wp-json\/wp\/v2\/media\/364964"}],"wp:attachment":[{"href":"https:\/\/www.europesays.com\/de\/wp-json\/wp\/v2\/media?parent=364963"}],"wp:term":[{"taxonomy":"category","embeddable":true,"href":"https:\/\/www.europesays.com\/de\/wp-json\/wp\/v2\/categories?post=364963"},{"taxonomy":"post_tag","embeddable":true,"href":"https:\/\/www.europesays.com\/de\/wp-json\/wp\/v2\/tags?post=364963"}],"curies":[{"name":"wp","href":"https:\/\/api.w.org\/{rel}","templated":true}]}}