{"id":364969,"date":"2025-08-22T17:49:12","date_gmt":"2025-08-22T17:49:12","guid":{"rendered":"https:\/\/www.europesays.com\/de\/364969\/"},"modified":"2025-08-22T17:49:12","modified_gmt":"2025-08-22T17:49:12","slug":"frankreich-freizeitpark-verweigert-150-israelischen-kindern-und-jugendlichen-zutritt","status":"publish","type":"post","link":"https:\/\/www.europesays.com\/de\/364969\/","title":{"rendered":"Frankreich: Freizeitpark verweigert 150 israelischen Kindern und Jugendlichen Zutritt"},"content":{"rendered":"<p>\t\t\t\t\t\t\t\t\t\t\t\t\t\t\t\t\t\t\t\t\t\t\t\t\t\t\t\t      \t\t            \t\t             \t\t\t\t   \t\t\t\t\t   <img decoding=\"async\" id=\"article-image\" fetchpriority=\"high\" alt=\"Frankreich: Freizeitpark  verweigert 150 israelischen Kindern und Jugendlichen Zutritt\" title=\"Frankreich: Freizeitpark  verweigert 150 israelischen Kindern und Jugendlichen Zutritt\" src=\"https:\/\/www.europesays.com\/de\/wp-content\/uploads\/2025\/08\/media.media.84eccf7b-3f01-44ce-933c-eb5a5ee65dbd.16x9_700.jpg\" data-linkto=\"https:\/\/www.stuttgarter-nachrichten.de\/javascript:void(0);\"\/>\t\t\t\t\t\t\t\t\t\t\t\t\t\t\t\t\t\t\t\t\t\t\t\tDem Parkleiter droht eine mehrj\u00e4hrige Haftstrafe wegen religi\u00f6ser Diskriminierung. (Symbolbild)\u00a0Foto: Rachel Bo\u00dfmeyer\/dpa\t\t\t<\/p>\n<p>Ein Freizeitparkleiter in den Pyren\u00e4en hat 150 israelischen Kindern und Jugendlichen den Zutritt verweigert. Ihm droht nun eine mehrj\u00e4hrige Haftstrafe wegen religi\u00f6ser Diskriminierung.<\/p>\n<p>In <a href=\"https:\/\/www.stuttgarter-nachrichten.de\/thema\/Frankreich\" title=\"Frankreich\" class=\"art_thema\" target=\"_blank\" rel=\"noopener\">Frankreich<\/a> hat der Leiter eines Freizeitparks 150 israelischen Kindern und Jugendlichen den Zutritt verwehrt und damit Emp\u00f6rung ausgel\u00f6st. Innenminister Bruno Retailleau sprach am Freitag im Fernsehsender BFMTV von einem \u201egravierenden\u201c Vorfall, der \u201enicht unserer Vorstellung von der Republik\u201c und von \u201eMenschenw\u00fcrde\u201c entspreche. Gegen den Leiter des Parks in Port\u00e9-Puymorens in den franz\u00f6sischen Pyren\u00e4en ermittelt die Staatsanwaltschaft, ihm droht eine mehrj\u00e4hrige <a href=\"https:\/\/www.stuttgarter-nachrichten.de\/thema\/Haftstrafe\" title=\"Haftstrafe\" class=\"art_thema\" target=\"_blank\" rel=\"noopener\">Haftstrafe<\/a> wegen religi\u00f6ser <a href=\"https:\/\/www.stuttgarter-nachrichten.de\/thema\/Diskriminierung\" title=\"Diskriminierung\" class=\"art_thema\" target=\"_blank\" rel=\"noopener\">Diskriminierung<\/a>.<\/p>\n<p>Der Vorfall ereignete sich am Donnerstag. Wie die zust\u00e4ndigen Ermittler in Perpignan mitteilten, wurden die israelischen Kinder und Jugendlichen im Alter von acht bis 16 Jahren nicht in den Park eingelassen, obwohl sie \u201eseit l\u00e4ngerer Zeit reserviert\u201c gehabt h\u00e4tten. Der Parkleiter habe die Zutrittsverweigerung mit \u201epers\u00f6nlichen \u00dcberzeugungen\u201c begr\u00fcndet.<\/p>\n<p>Parkleiter festgenommen <\/p>\n<p>Der 52-J\u00e4hrige wurde noch am selben Tag festgenommen. Ihm wird \u201eDiskriminierung aus religi\u00f6sen Gr\u00fcnden\u201c beim Erbringen von Dienstleistungen zur Last gelegt, wie die Staatsanwaltschaft erkl\u00e4rte. Die H\u00f6chststrafe hierf\u00fcr liegt bei drei Jahren Gef\u00e4ngnis.<\/p>\n<p>Die israelischen Jugendlichen, die ihren Urlaub in Spanien verbringen, seien nach dem Vorfall in drei Bussen an einen anderen Ort in Frankreich gefahren worden, erkl\u00e4rte die Staatsanwaltschaft. Die Gendarmerie habe f\u00fcr ihre Sicherheit gesorgt. Port\u00e9-Puymorens liegt nahe der Grenze zu Spanien.<\/p>\n<p>Innenminister Retailleau sagte auf BFMTV zu dem Vorfall, er hoffe, dass die Justiz in dem Fall \u201esehr streng\u201c vorgehen werde. \u201eWir d\u00fcrfen nichts durchgehen lassen\u201c, f\u00fcgte er an, antisemitische Vorf\u00e4lle n\u00e4hmen in Frankreich derzeit \u201eexplosionsartig zu\u201c.<\/p>\n<p>Antisemitische Vorf\u00e4lle in Frankreich <\/p>\n<p>Nach j\u00fcngsten Angaben des Innenministeriums in Paris wurden in Frankreich zwischen Januar und Mai insgesamt 504 antisemitische Vorf\u00e4lle registriert. Dies entspricht zwar einem R\u00fcckgang von 24 Prozent gegen\u00fcber dem Vorjahreszeitraum, es sind aber mehr als doppelt so viele Vorf\u00e4lle wie im Vergleichszeitraum des Jahres 2023 (plus 134 Prozent).<\/p>\n<p>Wegen des Gazakriegs gibt es derzeit starke Spannungen zwischen Frankreich und Israel. Der israelische Regierungschef Benjamin Netanjahu warf dem franz\u00f6sischen Pr\u00e4sidenten Emmanuel Macron am Dienstag vor, mit der geplanten Anerkennung eines Pal\u00e4stinenserstaates <a href=\"https:\/\/www.stuttgarter-nachrichten.de\/thema\/Antisemitismus\" title=\"Antisemitismus\" class=\"art_thema\" target=\"_blank\" rel=\"noopener\">Antisemitismus<\/a> zu bef\u00f6rdern.<\/p>\n","protected":false},"excerpt":{"rendered":"Dem Parkleiter droht eine mehrj\u00e4hrige Haftstrafe wegen religi\u00f6ser Diskriminierung. (Symbolbild)\u00a0Foto: Rachel Bo\u00dfmeyer\/dpa Ein Freizeitparkleiter in den Pyren\u00e4en hat&hellip;\n","protected":false},"author":2,"featured_media":364970,"comment_status":"","ping_status":"","sticky":false,"template":"","format":"standard","meta":{"footnotes":""},"categories":[3974],"tags":[331,332,712,2650,548,663,3934,3980,156,32323,5537,13,100107,14,15,1974,575,12,87622],"class_list":{"0":"post-364969","1":"post","2":"type-post","3":"status-publish","4":"format-standard","5":"has-post-thumbnail","7":"category-frankreich","8":"tag-aktuelle-nachrichten","9":"tag-aktuelle-news","10":"tag-antisemitismus","11":"tag-diskriminierung","12":"tag-eu","13":"tag-europa","14":"tag-europe","15":"tag-france","16":"tag-frankreich","17":"tag-freizeitpark","18":"tag-haftstrafe","19":"tag-headlines","20":"tag-judenfeindlich","21":"tag-nachrichten","22":"tag-news","23":"tag-panorama","24":"tag-religion","25":"tag-schlagzeilen","26":"tag-zutritt"},"share_on_mastodon":{"url":"https:\/\/pubeurope.com\/@de\/115073683831116193","error":""},"_links":{"self":[{"href":"https:\/\/www.europesays.com\/de\/wp-json\/wp\/v2\/posts\/364969","targetHints":{"allow":["GET"]}}],"collection":[{"href":"https:\/\/www.europesays.com\/de\/wp-json\/wp\/v2\/posts"}],"about":[{"href":"https:\/\/www.europesays.com\/de\/wp-json\/wp\/v2\/types\/post"}],"author":[{"embeddable":true,"href":"https:\/\/www.europesays.com\/de\/wp-json\/wp\/v2\/users\/2"}],"replies":[{"embeddable":true,"href":"https:\/\/www.europesays.com\/de\/wp-json\/wp\/v2\/comments?post=364969"}],"version-history":[{"count":0,"href":"https:\/\/www.europesays.com\/de\/wp-json\/wp\/v2\/posts\/364969\/revisions"}],"wp:featuredmedia":[{"embeddable":true,"href":"https:\/\/www.europesays.com\/de\/wp-json\/wp\/v2\/media\/364970"}],"wp:attachment":[{"href":"https:\/\/www.europesays.com\/de\/wp-json\/wp\/v2\/media?parent=364969"}],"wp:term":[{"taxonomy":"category","embeddable":true,"href":"https:\/\/www.europesays.com\/de\/wp-json\/wp\/v2\/categories?post=364969"},{"taxonomy":"post_tag","embeddable":true,"href":"https:\/\/www.europesays.com\/de\/wp-json\/wp\/v2\/tags?post=364969"}],"curies":[{"name":"wp","href":"https:\/\/api.w.org\/{rel}","templated":true}]}}