{"id":365120,"date":"2025-08-22T19:11:19","date_gmt":"2025-08-22T19:11:19","guid":{"rendered":"https:\/\/www.europesays.com\/de\/365120\/"},"modified":"2025-08-22T19:11:19","modified_gmt":"2025-08-22T19:11:19","slug":"bridgestone-emea-ernennt-andy-mathias-zum-head-of-marketing-fuer-north-europe","status":"publish","type":"post","link":"https:\/\/www.europesays.com\/de\/365120\/","title":{"rendered":"Bridgestone EMEA ernennt Andy Mathias zum Head of Marketing f\u00fcr North Europe"},"content":{"rendered":"<p>Bridgestone EMEA hat f\u00fcr North Europe einen neuen Head of Marketing ernannt: Andy Mathias. Nach seiner Ernennung, die bereits im Februar stattfand, leitet Mathias die Marketingfunktionen von Bridgestone in Deutschland, Polen, dem Vereinigten K\u00f6nigreich und 15 weiteren europ\u00e4ischen M\u00e4rkten. \u201eIch werde an Marken-, Produkt-, Digital- und Handelsmarketinginitiativen arbeiten sowie PR und Kommunikation unterst\u00fctzen\u201c, kommentierte Mathias in den sozialen Medien und f\u00fcgte hinzu: \u201eIch freue mich auf die neue Herausforderung und darauf, mit einem gro\u00dfartigen, multikulturellen Team zu arbeiten.\u201c Andy Mathias steht seit immerhin 27 Jahren in den Diensten Bridgestones und hatte dort 1998 als Marketinganalyst begonnen. Zuletzt war er als Head of Marketing UK and Ireland verantwortlich.<\/p>\n","protected":false},"excerpt":{"rendered":"Bridgestone EMEA hat f\u00fcr North Europe einen neuen Head of Marketing ernannt: Andy Mathias. Nach seiner Ernennung, die&hellip;\n","protected":false},"author":2,"featured_media":365121,"comment_status":"","ping_status":"","sticky":false,"template":"","format":"standard","meta":{"footnotes":""},"categories":[3933],"tags":[331,332,548,663,158,3934,3935,13,14,15,12],"class_list":{"0":"post-365120","1":"post","2":"type-post","3":"status-publish","4":"format-standard","5":"has-post-thumbnail","7":"category-eu","8":"tag-aktuelle-nachrichten","9":"tag-aktuelle-news","10":"tag-eu","11":"tag-europa","12":"tag-europaeische-union","13":"tag-europe","14":"tag-european-union","15":"tag-headlines","16":"tag-nachrichten","17":"tag-news","18":"tag-schlagzeilen"},"share_on_mastodon":{"url":"https:\/\/pubeurope.com\/@de\/115074006036881720","error":""},"_links":{"self":[{"href":"https:\/\/www.europesays.com\/de\/wp-json\/wp\/v2\/posts\/365120","targetHints":{"allow":["GET"]}}],"collection":[{"href":"https:\/\/www.europesays.com\/de\/wp-json\/wp\/v2\/posts"}],"about":[{"href":"https:\/\/www.europesays.com\/de\/wp-json\/wp\/v2\/types\/post"}],"author":[{"embeddable":true,"href":"https:\/\/www.europesays.com\/de\/wp-json\/wp\/v2\/users\/2"}],"replies":[{"embeddable":true,"href":"https:\/\/www.europesays.com\/de\/wp-json\/wp\/v2\/comments?post=365120"}],"version-history":[{"count":0,"href":"https:\/\/www.europesays.com\/de\/wp-json\/wp\/v2\/posts\/365120\/revisions"}],"wp:featuredmedia":[{"embeddable":true,"href":"https:\/\/www.europesays.com\/de\/wp-json\/wp\/v2\/media\/365121"}],"wp:attachment":[{"href":"https:\/\/www.europesays.com\/de\/wp-json\/wp\/v2\/media?parent=365120"}],"wp:term":[{"taxonomy":"category","embeddable":true,"href":"https:\/\/www.europesays.com\/de\/wp-json\/wp\/v2\/categories?post=365120"},{"taxonomy":"post_tag","embeddable":true,"href":"https:\/\/www.europesays.com\/de\/wp-json\/wp\/v2\/tags?post=365120"}],"curies":[{"name":"wp","href":"https:\/\/api.w.org\/{rel}","templated":true}]}}