{"id":365135,"date":"2025-08-22T19:19:11","date_gmt":"2025-08-22T19:19:11","guid":{"rendered":"https:\/\/www.europesays.com\/de\/365135\/"},"modified":"2025-08-22T19:19:11","modified_gmt":"2025-08-22T19:19:11","slug":"nettetal-will-spiel-gegen-msv-duisburg-zu-hause-austragen","status":"publish","type":"post","link":"https:\/\/www.europesays.com\/de\/365135\/","title":{"rendered":"Nettetal will Spiel gegen MSV Duisburg zu Hause austragen"},"content":{"rendered":"<p class=\"text_ohne_einzug richtext text-em-55 !leading-serif mx-6 desktop:mx-0\">Die Auslosung der zweiten Runde des Niederrheinpokals f\u00fchrte zu einiger Verwirrung. Denn zun\u00e4chst machte die Runde, dass der <a href=\"https:\/\/rp-online.de\/thema\/msv-duisburg\/\" rel=\"nofollow noopener\" target=\"_blank\">MSV Duisburg<\/a> auf den Landesligisten ASV S\u00fcchteln treffen w\u00fcrde. Das kuriose: Genau jenen Gegner hatte sich MSV-Trainer Dietmar Hirsch am Mittwochabend nach dem Sieg gegen Victoria Mennrath (7:0) gew\u00fcnscht. Schlie\u00dflich wuchs Hirsch in S\u00fcchteln auf. Eine irre Geschichte also, zumindest wirkte es zun\u00e4chst so.<\/p>\n","protected":false},"excerpt":{"rendered":"Die Auslosung der zweiten Runde des Niederrheinpokals f\u00fchrte zu einiger Verwirrung. Denn zun\u00e4chst machte die Runde, dass der&hellip;\n","protected":false},"author":2,"featured_media":365136,"comment_status":"","ping_status":"","sticky":false,"template":"","format":"standard","meta":{"footnotes":""},"categories":[1838],"tags":[27779,3364,29,3715,30,35281,9435,29261,3716,3718,1209,7002,22841,5725,36508,15995,29662,100118],"class_list":{"0":"post-365135","1":"post","2":"type-post","3":"status-publish","4":"format-standard","5":"has-post-thumbnail","7":"category-duisburg","8":"tag-asv","9":"tag-de","10":"tag-deutschland","11":"tag-duisburg","12":"tag-germany","13":"tag-hause","14":"tag-msv","15":"tag-nettetal","16":"tag-niederrhein","17":"tag-niederrheinpokal","18":"tag-nordrhein-westfalen","19":"tag-pokalspiel","20":"tag-runde","21":"tag-spiel","22":"tag-spielt","23":"tag-spielte","24":"tag-suechteln","25":"tag-zitzen"},"share_on_mastodon":{"url":"https:\/\/pubeurope.com\/@de\/115074037542668190","error":""},"_links":{"self":[{"href":"https:\/\/www.europesays.com\/de\/wp-json\/wp\/v2\/posts\/365135","targetHints":{"allow":["GET"]}}],"collection":[{"href":"https:\/\/www.europesays.com\/de\/wp-json\/wp\/v2\/posts"}],"about":[{"href":"https:\/\/www.europesays.com\/de\/wp-json\/wp\/v2\/types\/post"}],"author":[{"embeddable":true,"href":"https:\/\/www.europesays.com\/de\/wp-json\/wp\/v2\/users\/2"}],"replies":[{"embeddable":true,"href":"https:\/\/www.europesays.com\/de\/wp-json\/wp\/v2\/comments?post=365135"}],"version-history":[{"count":0,"href":"https:\/\/www.europesays.com\/de\/wp-json\/wp\/v2\/posts\/365135\/revisions"}],"wp:featuredmedia":[{"embeddable":true,"href":"https:\/\/www.europesays.com\/de\/wp-json\/wp\/v2\/media\/365136"}],"wp:attachment":[{"href":"https:\/\/www.europesays.com\/de\/wp-json\/wp\/v2\/media?parent=365135"}],"wp:term":[{"taxonomy":"category","embeddable":true,"href":"https:\/\/www.europesays.com\/de\/wp-json\/wp\/v2\/categories?post=365135"},{"taxonomy":"post_tag","embeddable":true,"href":"https:\/\/www.europesays.com\/de\/wp-json\/wp\/v2\/tags?post=365135"}],"curies":[{"name":"wp","href":"https:\/\/api.w.org\/{rel}","templated":true}]}}