{"id":365144,"date":"2025-08-22T19:24:10","date_gmt":"2025-08-22T19:24:10","guid":{"rendered":"https:\/\/www.europesays.com\/de\/365144\/"},"modified":"2025-08-22T19:24:10","modified_gmt":"2025-08-22T19:24:10","slug":"01099-in-dresden-anreise-tickets-wetter","status":"publish","type":"post","link":"https:\/\/www.europesays.com\/de\/365144\/","title":{"rendered":"01099 in Dresden: Anreise, Tickets, Wetter"},"content":{"rendered":"<p class=\"Textstyled__Text-sc-1cqv9mi-0 dKgfuR\">Dresden. Die Dresdner Hip-Hop-Crew 01099 kehrt 2025 f\u00fcr ein gro\u00dfes Heimspiel zur\u00fcck: Am Samstag, 23. August, geben die Rapper in der Rinne im Ostragehege ihr \u201eSommer Open Air\u201c. Als Support treten Zartmann und Ikkimel auf. Was Fans zum Konzert wissen m\u00fcssen.<\/p>\n<p>Was erwartet die Fans beim Konzert von 01099 in Dresden?<\/p>\n<p class=\"Textstyled__Text-sc-1cqv9mi-0 dKgfuR\">Nach dem gro\u00dfen Erfolg der Sommer-Open-Airs 2024 setzen 01099 ihre Konzertreihe fort und machen dabei auch in ihrer Heimatstadt Dresden Station. Die vier Musiker Gustav, Zachi, Paul und Dani, die ihre Karriere im Dresdner Stadtteil \u00c4u\u00dfere Neustadt (Postleitzahl 01099) begannen, haben sich l\u00e4ngst bundesweit etabliert. 2024 verkauften sie \u00fcber 100.000 Tickets und spielten unter anderem in K\u00f6ln, Berlin und Hamburg.<\/p>\n","protected":false},"excerpt":{"rendered":"Dresden. Die Dresdner Hip-Hop-Crew 01099 kehrt 2025 f\u00fcr ein gro\u00dfes Heimspiel zur\u00fcck: Am Samstag, 23. August, geben die&hellip;\n","protected":false},"author":2,"featured_media":365145,"comment_status":"","ping_status":"","sticky":false,"template":"","format":"standard","meta":{"footnotes":""},"categories":[1835],"tags":[3364,29,2386,30,859],"class_list":{"0":"post-365144","1":"post","2":"type-post","3":"status-publish","4":"format-standard","5":"has-post-thumbnail","7":"category-dresden","8":"tag-de","9":"tag-deutschland","10":"tag-dresden","11":"tag-germany","12":"tag-sachsen"},"share_on_mastodon":{"url":"https:\/\/pubeurope.com\/@de\/115074057114463680","error":""},"_links":{"self":[{"href":"https:\/\/www.europesays.com\/de\/wp-json\/wp\/v2\/posts\/365144","targetHints":{"allow":["GET"]}}],"collection":[{"href":"https:\/\/www.europesays.com\/de\/wp-json\/wp\/v2\/posts"}],"about":[{"href":"https:\/\/www.europesays.com\/de\/wp-json\/wp\/v2\/types\/post"}],"author":[{"embeddable":true,"href":"https:\/\/www.europesays.com\/de\/wp-json\/wp\/v2\/users\/2"}],"replies":[{"embeddable":true,"href":"https:\/\/www.europesays.com\/de\/wp-json\/wp\/v2\/comments?post=365144"}],"version-history":[{"count":0,"href":"https:\/\/www.europesays.com\/de\/wp-json\/wp\/v2\/posts\/365144\/revisions"}],"wp:featuredmedia":[{"embeddable":true,"href":"https:\/\/www.europesays.com\/de\/wp-json\/wp\/v2\/media\/365145"}],"wp:attachment":[{"href":"https:\/\/www.europesays.com\/de\/wp-json\/wp\/v2\/media?parent=365144"}],"wp:term":[{"taxonomy":"category","embeddable":true,"href":"https:\/\/www.europesays.com\/de\/wp-json\/wp\/v2\/categories?post=365144"},{"taxonomy":"post_tag","embeddable":true,"href":"https:\/\/www.europesays.com\/de\/wp-json\/wp\/v2\/tags?post=365144"}],"curies":[{"name":"wp","href":"https:\/\/api.w.org\/{rel}","templated":true}]}}