{"id":365234,"date":"2025-08-22T20:12:13","date_gmt":"2025-08-22T20:12:13","guid":{"rendered":"https:\/\/www.europesays.com\/de\/365234\/"},"modified":"2025-08-22T20:12:13","modified_gmt":"2025-08-22T20:12:13","slug":"moenchengladbach-kreativ-stadt-ein-unvergessliches-erlebnis-fuer-kids","status":"publish","type":"post","link":"https:\/\/www.europesays.com\/de\/365234\/","title":{"rendered":"M\u00f6nchengladbach: Kreativ-Stadt: Ein unvergessliches Erlebnis f\u00fcr Kids"},"content":{"rendered":"<p><b>Sommer, Sonne \u2013 und jede Menge Kreativit\u00e4t!<br \/><\/b> Die<b> AWO M\u00f6nchengladbach<\/b> startete mit dem Projekt \u201eKreativ-Stadt\u201c ein Sommerferienprogramm fu\u0308r Kinder zwischen 6 und 12 Jahren.  \u00dcber <b>400 Kids <\/b>erlebten zwei Wochen lang Spiel, Spa\u00df, Gemeinsamkeit und bunte Abenteuer. Ort des Geschehens: Das Grenzlandstadion \u2013 genauer gesagt die Wiese mit Zugang u\u0308ber die Gartenstra\u00dfe.<\/p>\n<p>Die Kinder gestalteten dort spielerisch ihre eigene Stadt: Dazu geh\u00f6rten u.a. ein Atelier, eine Bauwerkstatt, ein Theater, eine Bewegungsarena und die kreative Gestaltung des Karnevalswagens f\u00fcr den kommenden Veilchendienstagszug, der vom aktuellen <b>Prinzenpaar Kathrin und Alexander de Blois<\/b> zur Verf\u00fcgung gestellt wurde.<br \/><b>Vinzent Puderbach,<\/b> der gemeinsam mit <b>Stefan Kayser<\/b> den Workshop \u201eKarnevalswagen\u201c leitete, erkl\u00e4rte: \u201eDas war auch f\u00fcr uns eine coole Erfahrung. Die Kinder hatten gute Ideen.\u201c Kayser erg\u00e4nzte. \u201eNiemand ist ohne L\u00e4cheln aus dem Workshop gegangen.\u201c<\/p>\n<p>Ob sprayen, malen, bauen, klettern, Schach spielen, tanzen, Fu\u00dfball spielen, trommeln, programmieren oder einfach auf der Hu\u0308pfburg toben \u2013 es gab mindestens 1001 M\u00f6glichkeit, wo Kind sich ausprobieren konnte. Au\u00dferdem wurde von den Kiddys auch noch ein B\u00fcrgermeister-Team gew\u00e4hlt.<\/p>\n<p>Aber nicht nur das: Ein gemeinsames Festival mit Eltern, bei dem die Kinder beim \u201eMarkt der M\u00f6glichkeiten\u201c pr\u00e4sentierten, woran sie in der Woche gearbeitet hatten, von Theaterst\u00fccken und Kunstwerken \u00fcber handwerkliche Projekte bis hin zu dem Karnevalswagen, bildete den kr\u00f6nenden Abschluss der Kreativ-Stadt.<\/p>\n<p>Mit dabei u.a. auch <b>Felix Heinrichs, Oberb\u00fcrgermeister der Stadt M\u00f6nchengladbach<\/b>, der von den kleinen B\u00fcrgermeisterinnen der Kreativ-Stadt ans Mikro gebeten wurde und die Kinder fragte: \u201eWollt ihr denn, dass es n\u00e4chstes Jahr wieder eine Kreativ-Stadt gibt?\u201c \u201eJAAAAAA!\u201c, schallte es unglaublich laut aus 200 Kinderm\u00fcndern \u00fcber die Wiese am Grenzlandstadion. Und Alexander de Blois betonte: \u201eMit der Veranstaltung haben AWO und Stadt genau den Nerv unserer Kinder getroffen. Kathrin de Blois erg\u00e4nzte: \u201eHier war richtig Action. Unsere Kinder hatten immer pr\u00e4chtig gute Laune, wenn sie nach der Kreativ-Stadt nach Hause kamen.\u201c<\/p>\n","protected":false},"excerpt":{"rendered":"Sommer, Sonne \u2013 und jede Menge Kreativit\u00e4t! Die AWO M\u00f6nchengladbach startete mit dem Projekt \u201eKreativ-Stadt\u201c ein Sommerferienprogramm fu\u0308r&hellip;\n","protected":false},"author":2,"featured_media":365235,"comment_status":"","ping_status":"","sticky":false,"template":"","format":"standard","meta":{"footnotes":""},"categories":[1849],"tags":[3364,29,548,663,3934,30,13,4455,14,15,1209,12],"class_list":{"0":"post-365234","1":"post","2":"type-post","3":"status-publish","4":"format-standard","5":"has-post-thumbnail","7":"category-moenchengladbach","8":"tag-de","9":"tag-deutschland","10":"tag-eu","11":"tag-europa","12":"tag-europe","13":"tag-germany","14":"tag-headlines","15":"tag-moenchengladbach","16":"tag-nachrichten","17":"tag-news","18":"tag-nordrhein-westfalen","19":"tag-schlagzeilen"},"share_on_mastodon":{"url":"https:\/\/pubeurope.com\/@de\/115074245938382145","error":""},"_links":{"self":[{"href":"https:\/\/www.europesays.com\/de\/wp-json\/wp\/v2\/posts\/365234","targetHints":{"allow":["GET"]}}],"collection":[{"href":"https:\/\/www.europesays.com\/de\/wp-json\/wp\/v2\/posts"}],"about":[{"href":"https:\/\/www.europesays.com\/de\/wp-json\/wp\/v2\/types\/post"}],"author":[{"embeddable":true,"href":"https:\/\/www.europesays.com\/de\/wp-json\/wp\/v2\/users\/2"}],"replies":[{"embeddable":true,"href":"https:\/\/www.europesays.com\/de\/wp-json\/wp\/v2\/comments?post=365234"}],"version-history":[{"count":0,"href":"https:\/\/www.europesays.com\/de\/wp-json\/wp\/v2\/posts\/365234\/revisions"}],"wp:featuredmedia":[{"embeddable":true,"href":"https:\/\/www.europesays.com\/de\/wp-json\/wp\/v2\/media\/365235"}],"wp:attachment":[{"href":"https:\/\/www.europesays.com\/de\/wp-json\/wp\/v2\/media?parent=365234"}],"wp:term":[{"taxonomy":"category","embeddable":true,"href":"https:\/\/www.europesays.com\/de\/wp-json\/wp\/v2\/categories?post=365234"},{"taxonomy":"post_tag","embeddable":true,"href":"https:\/\/www.europesays.com\/de\/wp-json\/wp\/v2\/tags?post=365234"}],"curies":[{"name":"wp","href":"https:\/\/api.w.org\/{rel}","templated":true}]}}