{"id":365238,"date":"2025-08-22T20:14:12","date_gmt":"2025-08-22T20:14:12","guid":{"rendered":"https:\/\/www.europesays.com\/de\/365238\/"},"modified":"2025-08-22T20:14:12","modified_gmt":"2025-08-22T20:14:12","slug":"stadtschreiberin-auf-buchpreis-liste","status":"publish","type":"post","link":"https:\/\/www.europesays.com\/de\/365238\/","title":{"rendered":"Stadtschreiberin auf Buchpreis-Liste"},"content":{"rendered":"<p class=\"paragraph --regular --color\" data-v-a4a747d8=\"\" data-v-0c32301e=\"\">Mainz. Die Nominierung von Annett Gr\u00f6schner und Feridun Zaimoglu f\u00fcr den Deutschen Buchpreis 2025 sorgt in Mainz f\u00fcr Begeisterung. Wie die Stadt mitteilt, stehen sie auf der \u201eLonglist\u201c des angesehenen Literaturpreises, der j\u00e4hrlich im Rahmen der Frankfurter Buchmesse verliehen wird und mit 25.000 Euro dotiert ist. Annett Gr\u00f6schner, Mainzer Stadtschreiberin 2025, beeindruckt mit ihrem aktuellen Roman \u201eSchwebende Lasten\u201c, der bereits bei ihrer Antrittslesung in Mainz im April vorgestellt wurde. Feridun Zaimoglus Werk \u201eSohn ohne Vater\u201c \u00fcberzeugte ebenfalls die Jury. Zaimoglu war 2015 ebenfalls Mainzer Stadtschreiber. Beide Romane sind unter jenen 20 Werken, die von der Jury des Deutschen Buchpreises aus einer Liste von 200 B\u00fcchern f\u00fcr die Vergabe 2025 ausgew\u00e4hlt wurden.<br \/>\nDie Stadt Mainz lobt inzwischen seit 40 Jahren einen Stadtschreiber-Literaturpreis aus. Kulturdezernentin Marianne Grosse zeigt sich erfreut \u00fcber die Nominierungen: \u201eWas f\u00fcr einen tolle Neuigkeit! Sie zeigt einmal mehr, dass wir unsere Stadtschreiber:innen in den vergangenen Jahren sehr gut ausgew\u00e4hlt haben \u2013 denn sie begeistern das literaturinteressierte Publikum immer wieder aufs Neue und f\u00fchlen sich eng verbunden mit unserer Stadt: Feridun Zaimoglu ist seit seiner Amtszeit 2015 ein immer wiederkehrender und sehr gern gesehener Gast in diversen Mainzer Kultureinrichtungen. Und auch bei Annett Gr\u00f6schner sind wir uns jetzt schon sicher, dass sie gerne regelm\u00e4\u00dfig wieder in Mainz sein wird. Beide haben die Nominierung mehr als verdient und ich gratuliere von ganzem Herzen.\u201c<\/p>\n<p>Annett Gr\u00f6schner wird w\u00e4hrend ihrer Amtszeit bis Februar 2026 noch mehrfach in Mainz zu erleben sein, unter anderem im Rahmen der Mainzer B\u00fcchermesse im Oktober. Weitere Informationen unter <a rel=\"default noopener\" href=\"https:\/\/www.mainz.de\/kultur-und-wissenschaft\/literatur\/mainzer-stadtschreiber-literaturpreis.php\" target=\"_blank\" data-test-id=\"dnm-link-anchor-tag\">https:\/\/www.mainz.de\/kultur-und-wissenschaft\/literatur\/mainzer-stadtschreiber-literaturpreis.php<\/a>. <\/p>\n","protected":false},"excerpt":{"rendered":"Mainz. Die Nominierung von Annett Gr\u00f6schner und Feridun Zaimoglu f\u00fcr den Deutschen Buchpreis 2025 sorgt in Mainz f\u00fcr&hellip;\n","protected":false},"author":2,"featured_media":365239,"comment_status":"","ping_status":"","sticky":false,"template":"","format":"standard","meta":{"footnotes":""},"categories":[1847],"tags":[5650,5651,5652,5654,5655,3364,29,548,663,3934,30,5660,13,2052,5656,5653,5657,1427,14,15,5659,5658,5661,12,4544,5662],"class_list":{"0":"post-365238","1":"post","2":"type-post","3":"status-publish","4":"format-standard","5":"has-post-thumbnail","7":"category-wiesbaden","8":"tag-alzey","9":"tag-bad-kreuznach","10":"tag-bad-sobernheim","11":"tag-bingen","12":"tag-buerstadt","13":"tag-de","14":"tag-deutschland","15":"tag-eu","16":"tag-europa","17":"tag-europe","18":"tag-germany","19":"tag-guntersblum","20":"tag-headlines","21":"tag-hessen","22":"tag-ingelheim","23":"tag-kirn","24":"tag-lampertheim","25":"tag-mainz","26":"tag-nachrichten","27":"tag-news","28":"tag-nierstein","29":"tag-oppenheim","30":"tag-ruesselsheim","31":"tag-schlagzeilen","32":"tag-wiesbaden","33":"tag-worms"},"share_on_mastodon":{"url":"https:\/\/pubeurope.com\/@de\/115074253829698731","error":""},"_links":{"self":[{"href":"https:\/\/www.europesays.com\/de\/wp-json\/wp\/v2\/posts\/365238","targetHints":{"allow":["GET"]}}],"collection":[{"href":"https:\/\/www.europesays.com\/de\/wp-json\/wp\/v2\/posts"}],"about":[{"href":"https:\/\/www.europesays.com\/de\/wp-json\/wp\/v2\/types\/post"}],"author":[{"embeddable":true,"href":"https:\/\/www.europesays.com\/de\/wp-json\/wp\/v2\/users\/2"}],"replies":[{"embeddable":true,"href":"https:\/\/www.europesays.com\/de\/wp-json\/wp\/v2\/comments?post=365238"}],"version-history":[{"count":0,"href":"https:\/\/www.europesays.com\/de\/wp-json\/wp\/v2\/posts\/365238\/revisions"}],"wp:featuredmedia":[{"embeddable":true,"href":"https:\/\/www.europesays.com\/de\/wp-json\/wp\/v2\/media\/365239"}],"wp:attachment":[{"href":"https:\/\/www.europesays.com\/de\/wp-json\/wp\/v2\/media?parent=365238"}],"wp:term":[{"taxonomy":"category","embeddable":true,"href":"https:\/\/www.europesays.com\/de\/wp-json\/wp\/v2\/categories?post=365238"},{"taxonomy":"post_tag","embeddable":true,"href":"https:\/\/www.europesays.com\/de\/wp-json\/wp\/v2\/tags?post=365238"}],"curies":[{"name":"wp","href":"https:\/\/api.w.org\/{rel}","templated":true}]}}