{"id":365278,"date":"2025-08-22T20:35:12","date_gmt":"2025-08-22T20:35:12","guid":{"rendered":"https:\/\/www.europesays.com\/de\/365278\/"},"modified":"2025-08-22T20:35:12","modified_gmt":"2025-08-22T20:35:12","slug":"niederlande-niederlaendischer-aussenminister-legt-amt-nieder","status":"publish","type":"post","link":"https:\/\/www.europesays.com\/de\/365278\/","title":{"rendered":"Niederlande: Niederl\u00e4ndischer Au\u00dfenminister legt Amt nieder"},"content":{"rendered":"<p>\n                        Caspar Veldkamp tritt als Au\u00dfenminister der Niederlande zur\u00fcck. Hintergrund ist ein Streit um Sanktionen gegen Israel.\n                    <\/p>\n<p>            Schlie\u00dfen<\/p>\n<p>            Ver\u00f6ffentlicht am<br \/>\n                <\/p>\n<p>        Ihr Browser unterst\u00fctzt die Wiedergabe von Audio Dateien nicht. Download der Datei als mp3: https:\/\/zon-speechbert-production.s3.eu-central-1.amazonaws.com\/articles\/637836a1-842b-4b9e-a08a-3ad7901561bc\/full_cabb49dfb9c509ada00fd3b8027a21824e1d412a70a302aef7034fb90919d3188d07017f484877aff5001e571084c8e4.mp3    <\/p>\n<p>                    1 Min.<\/p>\n<p>            -1:27<\/p>\n<p>            0.5x<br \/>\n            0.75x<br \/>\n            1.0x<br \/>\n            1.25x<br \/>\n            1.5x<br \/>\n            2.0x<\/p>\n<p>        <a class=\"z-text-button\" href=\"#comments\" title=\"Kommentare anzeigen\" data-ct-row=\"comments\" data-ct-column=\"false\"><\/p>\n<p>            4<br \/>\n            Kommentare<br \/>\n        <\/a><br \/>\n    Zusammenfassen<\/p>\n<p>                Schlie\u00dfen<br \/>\n                Artikelzusammenfassung<\/p>\n<p>Der niederl\u00e4ndische Au\u00dfenminister Caspar Veldkamp ist zur\u00fcckgetreten, nachdem er Schwierigkeiten hatte, Sanktionen gegen Israel durchzusetzen. Veldkamp stie\u00df mit seinen Forderungen auf Widerstand und verlor das Vertrauen in seine Amtsf\u00fchrung. In den letzten Wochen hatte er die israelische Regierung kritisiert und unerw\u00fcnschte Personen erkl\u00e4rt. Die Niederlande verurteilten die Siedlungspl\u00e4ne Israels im Westjordanland und stehen vor Neuwahlen, nachdem die Regierung mit der Partei PVV brach.<\/p>\n<p>                Dies ist ein experimentelles Tool. Die Resultate k\u00f6nnen unvollst\u00e4ndig, veraltet oder sogar falsch sein.<\/p>\n<p class=\"summy__feedback-paragraph\">Fanden Sie die Zusammenfassung hilfreich? <\/p>\n<p>                        Gef\u00e4llt mir<\/p>\n<p>                        Gef\u00e4llt mir<\/p>\n<p>                        Gef\u00e4llt mir nicht<\/p>\n<p>                        Gef\u00e4llt mir nicht<\/p>\n<p>                        Send<\/p>\n<p>        Diese Audioversion wurde k\u00fcnstlich erzeugt.<\/p>\n<p>                        Schlie\u00dfen<br \/>\n                        Die Audioversion dieses Artikels wurde k\u00fcnstlich erzeugt.<br \/>\n                        Wir entwickeln dieses Angebot stetig weiter und freuen uns \u00fcber <a href=\"https:\/\/www.zeit.de\/politik\/ausland\/2025-08\/mailto:audiofeedback@zeit.de?subject=Feedback%20TTS\" target=\"_blank\" rel=\"noopener\">Ihr Feedback<\/a>.<\/p>\n<p>            <img decoding=\"async\" class=\"article__media-item\" src=\"https:\/\/www.europesays.com\/de\/wp-content\/uploads\/2025\/08\/1755894912_423_wide__1000x562.jpeg\" alt=\"Niederlande: Der niederl\u00e4ndische Au\u00dfenminister Caspar Veldkamp hat seinen R\u00fccktritt bekanntgegeben.\"\/><\/p>\n<p>                    Der niederl\u00e4ndische Au\u00dfenminister Caspar Veldkamp hat seinen R\u00fccktritt bekanntgegeben.<br \/>\n            \u00a9\u00a0Sem van der Wal\/\u200bAFP\/\u200bGetty Images<\/p>\n<p class=\"paragraph article__item\">Im Streit um m\u00f6gliche <a class=\"rtr-entity\" href=\"https:\/\/www.zeit.de\/thema\/sanktion\" target=\"_blank\" rel=\"noopener\">Sanktionen<\/a> gegen Israel ist der <a href=\"https:\/\/www.zeit.de\/thema\/niederlande\" class=\"\" target=\"_blank\" rel=\"noopener\">niederl\u00e4ndische Au\u00dfenminister<\/a> Caspar Veldkamp zur\u00fcckgetreten. Nach einer Kabinettssitzung sagte er am Freitag, er sei nicht in der Lage, &#8222;bedeutsame zus\u00e4tzliche Ma\u00dfnahmen&#8220; zu ergreifen, um Druck auf Israel auszu\u00fcben.\u00a0\n<\/p>\n<p class=\"paragraph article__item\">Veldkamp sei mit seinen geforderten Schritten mehrfach auf Widerstand gesto\u00dfen und habe daher &#8222;nicht gen\u00fcgend Vertrauen in seine F\u00e4higkeit&#8220;, weiter &#8222;als Au\u00dfenminister zu agieren&#8220;.\u00a0\n<\/p>\n<p class=\"paragraph article__item\">In den vergangenen Wochen hatte Veldkamp wiederholt die israelische Regierung kritisiert. Sein Ministerium erkl\u00e4rte im Juli die <a href=\"https:\/\/www.zeit.de\/politik\/ausland\/2025-07\/israel-sanktionen-niederlande-einreiseverbot-ben-gvir-smotrich\" class=\"\" target=\"_blank\" rel=\"noopener\">rechtsextremen israelischen Minister Bezalel Smotrich und Itamar Ben Gvir zu unerw\u00fcnschten Personen<\/a>. Veldkamp sprach sich au\u00dferdem f\u00fcr eine Teilaussetzung des Assoziationsabkommens zwischen der EU und Israel aus. Am Donnerstag unterschrieb die <a class=\"rtr-entity\" href=\"https:\/\/www.zeit.de\/thema\/niederlande\" target=\"_blank\" rel=\"noopener\">Niederlande<\/a> mit 20 weiteren Staaten eine Erkl\u00e4rung, in der die Pl\u00e4ne der israelischen Regierung zu einer Ausweitung von Siedlungen im Westjordanland verurteilt wurden.\u00a0\n<\/p>\n<p class=\"paragraph article__item\">Die <a href=\"https:\/\/www.zeit.de\/politik\/ausland\/2025-06\/rechtspopulist-wilders-laesst-niederlaendische-regierung-platzen\" class=\"\" target=\"_blank\" rel=\"noopener\">aktuelle niederl\u00e4ndische Regierung<\/a> ist nach dem Bruch mit der Partei PVV des Rechtspopulisten Geert Wilders nur noch gesch\u00e4ftsf\u00fchrend im Amt. <a href=\"https:\/\/www.zeit.de\/politik\/ausland\/2025-06\/niederlanden-neuwahlen-ankuendigung-geert-wilders-dick-schoof\" class=\"\" target=\"_blank\" rel=\"noopener\">Am 29. Oktober finden Neuwahlen statt<\/a>.\u00a0\n<\/p>\n<p>Mehr zum Thema<\/p>\n<p>                <a href=\"https:\/\/www.zeit.de\/politik\/ausland\/2025-08\/krieg-nahost-israel-armee-gaza-rafah-strategie\" data-ct-label=\"Krieg in Nahost: Das Kalk\u00fcl hinter Israels neuer Offensive\" target=\"_blank\" rel=\"noopener\"><\/p>\n<p>        Z+ (abopflichtiger Inhalt);<\/p>\n<p>    Krieg in Nahost:<br \/>\n                        Das Kalk\u00fcl hinter Israels neuer Offensive<\/p>\n<p>                <\/a><\/p>\n<p>                <a href=\"https:\/\/www.zeit.de\/politik\/deutschland\/2025-08\/gaza-demo-linke-debatte-verschiebung-sahra-wagenknecht\" data-ct-label=\"Gaza-Demo der Linken: Wie die Linke mit ihrer Gaza-Demo ringt\" target=\"_blank\" rel=\"noopener\"><\/p>\n<p>        Z+ (abopflichtiger Inhalt);<\/p>\n<p>    Gaza-Demo der Linken:<br \/>\n                        Wie die Linke mit ihrer Gaza-Demo ringt<\/p>\n<p>                <\/a><\/p>\n<p>                <a href=\"https:\/\/www.zeit.de\/kultur\/2025-08\/christoph-safferling-israel-politik-bundesregierung-waffenstopp-voelkerrecht\" data-ct-label=\"Christoph Safferling: &quot;Das V\u00f6lkerrecht versucht, im Krieg das Unregelbare zu regeln&quot;\" target=\"_blank\" rel=\"noopener\"><\/p>\n<p>        Z+ (abopflichtiger Inhalt);<\/p>\n<p>    Christoph Safferling:<br \/>\n                        &#8222;Das V\u00f6lkerrecht versucht, im Krieg das Unregelbare zu regeln&#8220;<\/p>\n<p>                <\/a><\/p>\n","protected":false},"excerpt":{"rendered":"Caspar Veldkamp tritt als Au\u00dfenminister der Niederlande zur\u00fcck. Hintergrund ist ein Streit um Sanktionen gegen Israel. Schlie\u00dfen Ver\u00f6ffentlicht&hellip;\n","protected":false},"author":2,"featured_media":365279,"comment_status":"","ping_status":"","sticky":false,"template":"","format":"standard","meta":{"footnotes":""},"categories":[5],"tags":[331,332,100137,3364,29,30,13,28946,14,15,965,16,9562,12],"class_list":{"0":"post-365278","1":"post","2":"type-post","3":"status-publish","4":"format-standard","5":"has-post-thumbnail","7":"category-nachrichten","8":"tag-aktuelle-nachrichten","9":"tag-aktuelle-news","10":"tag-caspar-veldkamp","11":"tag-de","12":"tag-deutschland","13":"tag-germany","14":"tag-headlines","15":"tag-hintergrund","16":"tag-nachrichten","17":"tag-news","18":"tag-niederlande","19":"tag-politik","20":"tag-sanktion","21":"tag-schlagzeilen"},"share_on_mastodon":{"url":"https:\/\/pubeurope.com\/@de\/115074336553678650","error":""},"_links":{"self":[{"href":"https:\/\/www.europesays.com\/de\/wp-json\/wp\/v2\/posts\/365278","targetHints":{"allow":["GET"]}}],"collection":[{"href":"https:\/\/www.europesays.com\/de\/wp-json\/wp\/v2\/posts"}],"about":[{"href":"https:\/\/www.europesays.com\/de\/wp-json\/wp\/v2\/types\/post"}],"author":[{"embeddable":true,"href":"https:\/\/www.europesays.com\/de\/wp-json\/wp\/v2\/users\/2"}],"replies":[{"embeddable":true,"href":"https:\/\/www.europesays.com\/de\/wp-json\/wp\/v2\/comments?post=365278"}],"version-history":[{"count":0,"href":"https:\/\/www.europesays.com\/de\/wp-json\/wp\/v2\/posts\/365278\/revisions"}],"wp:featuredmedia":[{"embeddable":true,"href":"https:\/\/www.europesays.com\/de\/wp-json\/wp\/v2\/media\/365279"}],"wp:attachment":[{"href":"https:\/\/www.europesays.com\/de\/wp-json\/wp\/v2\/media?parent=365278"}],"wp:term":[{"taxonomy":"category","embeddable":true,"href":"https:\/\/www.europesays.com\/de\/wp-json\/wp\/v2\/categories?post=365278"},{"taxonomy":"post_tag","embeddable":true,"href":"https:\/\/www.europesays.com\/de\/wp-json\/wp\/v2\/tags?post=365278"}],"curies":[{"name":"wp","href":"https:\/\/api.w.org\/{rel}","templated":true}]}}