{"id":365295,"date":"2025-08-22T20:45:13","date_gmt":"2025-08-22T20:45:13","guid":{"rendered":"https:\/\/www.europesays.com\/de\/365295\/"},"modified":"2025-08-22T20:45:13","modified_gmt":"2025-08-22T20:45:13","slug":"einsatz-in-der-dresdner-neustadt","status":"publish","type":"post","link":"https:\/\/www.europesays.com\/de\/365295\/","title":{"rendered":"Einsatz in der Dresdner Neustadt"},"content":{"rendered":"<p class=\"publish-info\">22.08.2025, 20:08 Uhr \u2014 Erstver\u00f6ffentlichung (aktuell)<\/p>\n<p>Medieninformation Polizeidirektion Dresden Nr. 470|25Landeshauptstadt DresdenPolizeieinsatz in der \u00c4u\u00dferen Neustadt<\/p>\n<p>Die Polizeidirektion Dresden hat am fr\u00fchen Freitagabend einen Einsatz in der \u00c4u\u00dferen Neustadt durchgef\u00fchrt.<\/p>\n<p>Hintergrund war ein Aufruf Rechter, sich wie bereits vor zwei Wochen in der Neustadt treffen zu wollen (siehe Medieninformation Nr. 455\/2025 vom 8. August 2025). Zugleich hatten Gegner dieser Aktion zu einer Versammlung auf dem Scheunevorplatz aufgerufen. <\/p>\n<p>Gegen 16:40 Uhr traf eine Gruppe aus dem rechten Spektrum auf dem Alaunplatz ein. Dabei zeigte der 38-j\u00e4hrige R\u00e4delsf\u00fchrer eine Beint\u00e4towierung mit einem verbotenen rechten Symbol, das leicht abgewandelt war. Der Deutsche erhielt eine Anzeige wegen des Verwendens von Kennzeichen verfassungswidriger Organisationen. <\/p>\n<p>Zugleich versammelte sich Protest gegen die rechte Gruppierung auf dem Alaunplatz, wo kurze Zeit sp\u00e4ter auch die vom Scheunevorplatz gestartete Versammlung eintraf. Die Polizisten trennten beide Lager. Allerdings kam es dennoch zu einer wechselseitigen K\u00f6rperverletzung zwischen zwei M\u00e4nnern (36, 39), wobei der \u00e4ltere der beiden leichte Verletzungen erlitt. Die Polizisten trennten die Kontrahenten und fertigten entsprechende Anzeigen gegen die beiden Deutschen.<\/p>\n<p>Gegen 18 Uhr wurde dem 38-J\u00e4hrigen ein Platzverweis erteilt, dem er umgehend folgte. Er ging in Richtung Albertstadt davon, wobei ihm die Versammlung folgte. Auf der Hans-Oster-Stra\u00dfe wurden beide Lager durch eine Polizeisperre getrennt, woraufhin die rechte Gruppierung abreiste. <\/p>\n<p>Es waren 63 Beamte im Einsatz. Die Polizeidirektion Dresden wurde von der Bereitschaftspolizei Sachsen unterst\u00fctzt. (uh)<\/p>\n<p>    Medieninformationen suchen<\/p>\n<p>OrganisationalleAmtsgericht Bautzen<br \/>\nAmtsgericht Chemnitz<br \/>\nAmtsgericht Dippoldiswalde<br \/>\nAmtsgericht Eilenburg<br \/>\nAmtsgericht Grimma<br \/>\nAmtsgericht Hohenstein-Ernstthal<br \/>\nAmtsgericht Leipzig<br \/>\nAmtsgericht Pirna<br \/>\nAmtsgericht Torgau<br \/>\nArbeitsgericht Dresden<br \/>\nArbeitsgericht Leipzig<br \/>\nLandgericht Chemnitz<br \/>\nS\u00e4chsisches Finanzgericht<br \/>\nS\u00e4chsisches Landesarbeitsgericht<br \/>\nS\u00e4chsisches Oberverwaltungsgericht<br \/>\nSozialgericht Chemnitz<br \/>\nSozialgericht Dresden<br \/>\nSozialgericht Leipzig<br \/>\nVerwaltungsgericht Chemnitz<br \/>\nVerwaltungsgericht Dresden<br \/>\nVerwaltungsgericht Leipzig<br \/>\nOberlandesgericht Dresden<br \/>\nDienstgericht f\u00fcr Richterinnen und Richter<br \/>\nLandgericht Leipzig<br \/>\nS\u00e4chsisches LandessozialgerichtJugendstrafvollzugsanstalt Regis-Breitingen<br \/>\nJustizvollzugsanstalt Bautzen<br \/>\nJustizvollzugsanstalt Chemnitz<br \/>\nJustizvollzugsanstalt Dresden<br \/>\nJustizvollzugsanstalt G\u00f6rlitz<br \/>\nJustizvollzugsanstalt Leipzig mit Krankenhaus<br \/>\nJustizvollzugsanstalt Torgau<br \/>\nJustizvollzugsanstalt Waldheim<br \/>\nJustizvollzugsanstalt Zeithain<br \/>\nJustizvollzugsanstalt ZwickauS\u00e4chsische Staatskanzlei<br \/>\n\u00a0\u00a0\u00a0\u00a0Landesbeauftragter f\u00fcr Inklusion der Menschen mit Behinderungen<br \/>\nS\u00e4chsische Staatsministerin f\u00fcr Gleichstellung und Integration<br \/>\nS\u00e4chsische Staatsministerin f\u00fcr Kultur und Tourismus<br \/>\nS\u00e4chsisches Staatsministerium der Finanzen<br \/>\n\u00a0\u00a0\u00a0\u00a0Landesamt f\u00fcr Steuern und Finanzen<br \/>\n\u00a0\u00a0\u00a0\u00a0Staatsbetrieb S\u00e4chsisches Immobilien- und Baumanagement<br \/>\n\u00a0\u00a0\u00a0\u00a0Staatsbetrieb Zentrales Fl\u00e4chenmanagement Sachsen<br \/>\nS\u00e4chsisches Staatsministerium der Justiz<br \/>\n\u00a0\u00a0\u00a0\u00a0Ausbildungszentrum Bobritzsch<br \/>\n\u00a0\u00a0\u00a0\u00a0Generalstaatsanwaltschaft Dresden<br \/>\nS\u00e4chsisches Staatsministerium des Innern<br \/>\n\u00a0\u00a0\u00a0\u00a0Hochschule Mei\u00dfen (FH) und Fortbildungszentrum<br \/>\n\u00a0\u00a0\u00a0\u00a0Landesamt f\u00fcr Verfassungsschutz Sachsen<br \/>\n\u00a0\u00a0\u00a0\u00a0Landesdirektion Sachsen<br \/>\n\u00a0\u00a0\u00a0\u00a0S\u00e4chsisches Staatsarchiv<br \/>\n\u00a0\u00a0\u00a0\u00a0Statistisches Landesamt<br \/>\nS\u00e4chsisches Staatsministerium f\u00fcr Umwelt und Landwirtschaft<br \/>\n\u00a0\u00a0\u00a0\u00a0Landesamt f\u00fcr Umwelt, Landwirtschaft und Geologie<br \/>\n\u00a0\u00a0\u00a0\u00a0Landestalsperrenverwaltung des Freistaates Sachsen<br \/>\n\u00a0\u00a0\u00a0\u00a0S\u00e4chsische Gest\u00fctsverwaltung<br \/>\n\u00a0\u00a0\u00a0\u00a0S\u00e4chsische Landesstiftung Natur und Umwelt<br \/>\n\u00a0\u00a0\u00a0\u00a0Staatsbetrieb Sachsenforst<br \/>\n\u00a0\u00a0\u00a0\u00a0Staatsbetrieb Staatliche Betriebsgesellschaft f\u00fcr Umwelt und Landwirtschaft<br \/>\nS\u00e4chsisches Staatsministerium f\u00fcr Kultus<br \/>\n\u00a0\u00a0\u00a0\u00a0Landesamt f\u00fcr Schule und Bildung<br \/>\nS\u00e4chsisches Staatsministerium f\u00fcr Infrastruktur und Landesentwicklung<br \/>\n\u00a0\u00a0\u00a0\u00a0Landesamt f\u00fcr Denkmalpflege Sachsen<br \/>\n\u00a0\u00a0\u00a0\u00a0Landesamt f\u00fcr Geobasisinformation Sachsen<br \/>\n\u00a0\u00a0\u00a0\u00a0Landesamt f\u00fcr Stra\u00dfenbau und Verkehr<br \/>\n\u00a0\u00a0\u00a0\u00a0Sachsen \u2013 Europ\u00e4ischer Ausschuss der Regionen<br \/>\nS\u00e4chsisches Staatsministerium f\u00fcr Soziales, Gesundheit und Gesellschaftlichen Zusammenhalt<br \/>\n\u00a0\u00a0\u00a0\u00a0Kinder- und Jugendbeauftragte der S\u00e4chsischen Staatsregierung<br \/>\n\u00a0\u00a0\u00a0\u00a0Opferbeauftragte der S\u00e4chsischen Staatsregierung<br \/>\nS\u00e4chsisches Staatsministerium f\u00fcr Wirtschaft, Arbeit, Energie und Klimaschutz<br \/>\n\u00a0\u00a0\u00a0\u00a0Digitalagentur Sachsen<br \/>\n\u00a0\u00a0\u00a0\u00a0Flugl\u00e4rmschutzbeauftragter<br \/>\n\u00a0\u00a0\u00a0\u00a0Zentrum f\u00fcr Fachkr\u00e4ftesicherung und Gute Arbeit Sachsen<br \/>\nS\u00e4chsisches Staatsministerium f\u00fcr Wissenschaft, Kultur und Tourismus<br \/>\n\u00a0\u00a0\u00a0\u00a0Landesamt f\u00fcr Arch\u00e4ologie Sachsen<br \/>\n\u00a0\u00a0\u00a0\u00a0S\u00e4chsische Landesbibliothek \u2013 Staats- und Universit\u00e4tsbibliothek Dresden<br \/>\nLandestierschutzbeauftragteHochschule der S\u00e4chsischen Polizei<br \/>\nLandeskriminalamt Sachsen<br \/>\nLandespolizeipr\u00e4sidium<br \/>\nPolizeidirektion Chemnitz<br \/>\nPolizeidirektion Dresden<br \/>\nPolizeidirektion G\u00f6rlitz<br \/>\nPolizeidirektion Leipzig<br \/>\nPolizeidirektion Zwickau<br \/>\nPolizeiverwaltungsamt<br \/>\nPr\u00e4sidium der BereitschaftspolizeiStaatsanwaltschaft Chemnitz<br \/>\nStaatsanwaltschaft Dresden<br \/>\nStaatsanwaltschaft G\u00f6rlitz<br \/>\nStaatsanwaltschaft Leipzig<br \/>\nStaatsanwaltschaft ZwickauBeauftragter der S\u00e4chsischen Staatsregierung f\u00fcr das J\u00fcdische Leben und gegen Antisemitismus<br \/>\nS\u00e4chsische StaatsregierungS\u00e4chsische Agentur f\u00fcr Strukturentwicklung GmbH<br \/>\nS\u00e4chsische Datenschutz- und Transparenzbeauftragte<br \/>\nArbeitsgericht Bautzen<br \/>\nS\u00e4chsisches Oberbergamt<br \/>\nfutureSAX \u2013 die Innovationsplattform des Freistaates Sachsen<br \/>\nS\u00e4chsische Energieagentur &#8211; SAENA GmbH<br \/>\nLISt Gesellschaft f\u00fcr Verkehrswesen und ingenieurtechnische Dienstleistungen mbH<br \/>\nWirtschaftsf\u00f6rderung Sachsen GmbH<\/p>\n<p>ThemaalleArbeit<br \/>\nBau, Immobilien<br \/>\nBesch\u00e4ftigungspolitik<br \/>\nVerbraucherschutzCorona<br \/>\nFamilie<br \/>\nGesundheit<br \/>\nGleichstellung<br \/>\nIntegration<br \/>\nJugend<br \/>\nSoziales<br \/>\nTierseuchenbek\u00e4mpfungAsyl<br \/>\nDemografie<br \/>\nDemokratie<br \/>\nDigitalisierung<br \/>\nEhrenamt<br \/>\nEuropa<br \/>\nGedenkst\u00e4tten<br \/>\nInfrastruktur<br \/>\nKirchen und Religionsgemeinschaften<br \/>\nKommunales<br \/>\nLandesentwicklung<br \/>\nL\u00e4ndlicher Raum<br \/>\nNachhaltigkeit<br \/>\nSorben<br \/>\nStatistik<br \/>\nStrukturwandelBev\u00f6lkerungsschutz<br \/>\nFinanzen<br \/>\nJustiz<br \/>\nSicherheit &amp; Inneres<br \/>\nSteuernArch\u00e4ologie<br \/>\nArchivwesen<br \/>\nDenkmalpflege<br \/>\nKunst &amp; Kultur<br \/>\nMedien<br \/>\nSport<br \/>\nTourismusAus- und Weiterbildung<br \/>\nBildung<br \/>\nForschung<br \/>\nFr\u00fchkindliche Bildung<br \/>\nHochschule<br \/>\nSchuleF\u00f6rderportal<br \/>\nVeranstaltungHaushalt<br \/>\nKabinett<br \/>\nMinisterpr\u00e4sident<br \/>\nTermine\/EinladungenKlimaschutz<br \/>\nLandwirtschaft<br \/>\nUmwelt<br \/>\nWald &amp; ForstBergbau<br \/>\nEnergie<br \/>\nForschung\/Technologie<br \/>\nVerkehr<br \/>\nWirtschaft<br \/>\nWirtschaftsf\u00f6rderung<\/p>\n<p>Suchen<\/p>\n<p> <a href=\"#header\" class=\"link-scroll-to-top\" data-scroll-to-top=\"\" title=\"zur\u00fcck zum Seitenanfang\"><img decoding=\"async\" class=\"svg-img\" src=\"https:\/\/www.styleguide.sachsen.de\/dist\/2.26.3\/themes\/white\/img\/svg\/icon-totop.svg\" alt=\"zur\u00fcck zum Seitenanfang\"\/><\/a><\/p>\n","protected":false},"excerpt":{"rendered":"22.08.2025, 20:08 Uhr \u2014 Erstver\u00f6ffentlichung (aktuell) Medieninformation Polizeidirektion Dresden Nr. 470|25Landeshauptstadt DresdenPolizeieinsatz in der \u00c4u\u00dferen Neustadt Die Polizeidirektion&hellip;\n","protected":false},"author":2,"featured_media":363950,"comment_status":"","ping_status":"","sticky":false,"template":"","format":"standard","meta":{"footnotes":""},"categories":[1835],"tags":[3364,29,2386,30,859],"class_list":{"0":"post-365295","1":"post","2":"type-post","3":"status-publish","4":"format-standard","5":"has-post-thumbnail","7":"category-dresden","8":"tag-de","9":"tag-deutschland","10":"tag-dresden","11":"tag-germany","12":"tag-sachsen"},"share_on_mastodon":{"url":"https:\/\/pubeurope.com\/@de\/115074375741425750","error":""},"_links":{"self":[{"href":"https:\/\/www.europesays.com\/de\/wp-json\/wp\/v2\/posts\/365295","targetHints":{"allow":["GET"]}}],"collection":[{"href":"https:\/\/www.europesays.com\/de\/wp-json\/wp\/v2\/posts"}],"about":[{"href":"https:\/\/www.europesays.com\/de\/wp-json\/wp\/v2\/types\/post"}],"author":[{"embeddable":true,"href":"https:\/\/www.europesays.com\/de\/wp-json\/wp\/v2\/users\/2"}],"replies":[{"embeddable":true,"href":"https:\/\/www.europesays.com\/de\/wp-json\/wp\/v2\/comments?post=365295"}],"version-history":[{"count":0,"href":"https:\/\/www.europesays.com\/de\/wp-json\/wp\/v2\/posts\/365295\/revisions"}],"wp:featuredmedia":[{"embeddable":true,"href":"https:\/\/www.europesays.com\/de\/wp-json\/wp\/v2\/media\/363950"}],"wp:attachment":[{"href":"https:\/\/www.europesays.com\/de\/wp-json\/wp\/v2\/media?parent=365295"}],"wp:term":[{"taxonomy":"category","embeddable":true,"href":"https:\/\/www.europesays.com\/de\/wp-json\/wp\/v2\/categories?post=365295"},{"taxonomy":"post_tag","embeddable":true,"href":"https:\/\/www.europesays.com\/de\/wp-json\/wp\/v2\/tags?post=365295"}],"curies":[{"name":"wp","href":"https:\/\/api.w.org\/{rel}","templated":true}]}}