{"id":365374,"date":"2025-08-22T21:28:15","date_gmt":"2025-08-22T21:28:15","guid":{"rendered":"https:\/\/www.europesays.com\/de\/365374\/"},"modified":"2025-08-22T21:28:15","modified_gmt":"2025-08-22T21:28:15","slug":"alemannia-aachen-ergebnisse-in-der-3-liga-und-news-im-ueberblick","status":"publish","type":"post","link":"https:\/\/www.europesays.com\/de\/365374\/","title":{"rendered":"Alemannia Aachen: Ergebnisse in der 3. Liga und News im \u00dcberblick"},"content":{"rendered":"<p>In der laufenden Saison 2025\/2026 hat Alemannia <a href=\"https:\/\/www.news.de\/thema\/aachen\/1\/\" rel=\"nofollow noopener\" target=\"_blank\"><strong>Aachen<\/strong><\/a> bereits 2 Spiele hinter sich gebracht und dabei 1 Punkt errungen. Derzeit rangiert das Team auf dem 17. Tabellenplatz.  <\/p>\n<p>Ergebnisse der letzten 2 Spiele von Alemannia Aachen in der Saison 2025\/2026<\/p>\n<p>1 Niederlage und 1 Unentschieden &#8211; das ist die Bilanz der zwei letzten Spiele f\u00fcr <a href=\"https:\/\/www.news.de\/thema\/alemannia-aachen\/1\/\" rel=\"nofollow noopener\" target=\"_blank\"><strong>Alemannia Aachen<\/strong><\/a> in der <a href=\"https:\/\/www.news.de\/thema\/3-liga\/1\/\" rel=\"nofollow noopener\" target=\"_blank\"><strong>3. Liga<\/strong><\/a>.  <\/p>\n<tr>DatumHeimGastErgebnis<\/tr>\n<tr>\n<td>09.08.2025<\/td>\n<td>Alemannia Aachen<\/td>\n<td>TSG 1899 Hoffenheim II<\/td>\n<td>2:4<\/td>\n<\/tr>\n<tr>\n<td>02.08.2025<\/td>\n<td>VfL Osnabr\u00fcck<\/td>\n<td>Alemannia Aachen<\/td>\n<td>0:0<\/td>\n<\/tr>\n<p>Die n\u00e4chsten Spiele f\u00fcr Alemannia Aachen in der 3. Liga<\/p>\n<p>Im n\u00e4chsten Spiel trifft Alemannia Aachen vor heimischen Fans auf den TSV 1860 M\u00fcnchen. Anpfiff ist am Samstag, den 23.08.2025 um 14.00 Uhr. F\u00fcr die n\u00e4chsten Spieltage sind noch Matches gegen Rot-Weiss Essen, SSV Ulm 1846 <a href=\"https:\/\/www.news.de\/thema\/fussball\/1\/\" rel=\"nofollow noopener\" target=\"_blank\"><strong>Fu\u00dfball<\/strong><\/a>, SC Verl und SV Waldhof Mannheim angesetzt.  <\/p>\n<tr>DatumHeimGast<\/tr>\n<tr>\n<td>23.08.2025, 14.00 Uhr<\/td>\n<td>Alemannia Aachen<\/td>\n<td>TSV 1860 M\u00fcnchen<\/td>\n<\/tr>\n<tr>\n<td>31.08.2025, 19.30 Uhr<\/td>\n<td>Rot-Weiss Essen<\/td>\n<td>Alemannia Aachen<\/td>\n<\/tr>\n<tr>\n<td>13.09.2025, 16.30 Uhr<\/td>\n<td>Alemannia Aachen<\/td>\n<td>SSV Ulm 1846 Fu\u00dfball<\/td>\n<\/tr>\n<tr>\n<td>16.09.2025, 19.00 Uhr<\/td>\n<td>SC Verl<\/td>\n<td>Alemannia Aachen<\/td>\n<\/tr>\n<tr>\n<td>20.09.2025, 14.00 Uhr<\/td>\n<td>Alemannia Aachen<\/td>\n<td>SV Waldhof Mannheim<\/td>\n<\/tr>\n<p><a href=\"https:\/\/www.news.de\/sport\/857002838\/fussball-heute-im-tv-und-live-stream-vorschau-fuer-das-erste-zdf-eurosport-1-3sat-sport1-sat-1-naechste-termine-und-sender-fuer-uebertragung-der-sport-sendungen-im-fernsehen\/1\/\" rel=\"nofollow noopener\" target=\"_blank\"><strong>Fu\u00dfball live im Fernsehen: Von 3. Liga bis Champions League &#8211; Die aktuellen TV-Termine f\u00fcr Fu\u00dfballspiele im \u00dcberblick!<\/strong><\/a>  <\/p>\n<p>Alemannia Aachen News 2025: Aktuelle Nachrichten zum Verein<\/p>\n<p>Hier erhalten Sie einen \u00dcberblick \u00fcber aktuelle News wie Spielberichte zu den letzten Partien der 3. Liga, Vorberichte mit Infos zu bevorstehenden Live-\u00dcbertragungen und mehr. Weitere Nachrichten zum Verein finden Sie auf der <a href=\"https:\/\/www.news.de\/thema\/alemannia-aachen\/1\/\" target=\"_blank\" rel=\"nofollow noopener\"><strong>news.de-Themenseite f\u00fcr Alemannia Aachen<\/strong><\/a>.  <\/p>\n<p><a href=\"https:\/\/www.news.de\/thema\/3-liga\/1\/\" target=\"_blank\" rel=\"nofollow noopener\"><strong>Noch mehr News zur 3. Liga lesen Sie hier.<\/strong><\/a>  <\/p>\n<p>        FOTOSTRECKE: Maskottchen-Parade: Von Storch bis Panda: Kennen Sie alle Maskottchen der deutschen Fu\u00dfball-Vereine?    <\/p>\n<p>        <a title=\"Von Storch bis Panda: Kennen Sie alle Maskottchen der deutschen Fu\u00dfball-Vereine?\" class=\"position-relative d-block iconmoon-overlay\" data-article-id=\"857931772\" href=\"https:\/\/www.news.de\/fotostrecke\/850720374\/fussball-maskottchen-der-1-und-2-bundesliga-berni-bulli-emma-und-co-bringen-ihren-vereinen-glueck\/1\/\" rel=\"nofollow noopener\" target=\"_blank\"><img decoding=\"async\" src=\"https:\/\/www.europesays.com\/de\/wp-content\/uploads\/2025\/08\/fuechsle-vom-sc-freiburg_858059007_1200x675_335e026473bdece0fb238f8fe6ee77de.jpg\" loading=\"lazy\" class=\"img-cover\" alt=\"F\u00fcchsle vom SC Freiburg (Foto)\" title=\"F\u00fcchsle vom SC Freiburg\" width=\"1200\" height=\"675\"\/><\/a>        Bild:<br \/>\n            picture alliance\/dpa | Tom Weller<\/p>\n<p>Alemannia Aachen in der aktuellen 3. Liga-Tabelle 2025\/2026<\/p>\n<tr>PlatzTeamSpieleSUNToreDiff.Pkt.<\/tr>\n<tr>\n<td>1<\/td>\n<td>MSV Duisburg<\/td>\n<td>2<\/td>\n<td>2<\/td>\n<td>0<\/td>\n<td>0<\/td>\n<td>6:1<\/td>\n<td>5<\/td>\n<td>6<\/td>\n<\/tr>\n<tr>\n<td>2<\/td>\n<td>RW Essen<\/td>\n<td>3<\/td>\n<td>1<\/td>\n<td>2<\/td>\n<td>0<\/td>\n<td>6:5<\/td>\n<td>1<\/td>\n<td>5<\/td>\n<\/tr>\n<tr>\n<td>3<\/td>\n<td>FC Energie<\/td>\n<td>2<\/td>\n<td>1<\/td>\n<td>1<\/td>\n<td>0<\/td>\n<td>5:3<\/td>\n<td>2<\/td>\n<td>4<\/td>\n<\/tr>\n<tr>\n<td>4<\/td>\n<td>TSV 1860<\/td>\n<td>2<\/td>\n<td>1<\/td>\n<td>1<\/td>\n<td>0<\/td>\n<td>4:2<\/td>\n<td>2<\/td>\n<td>4<\/td>\n<\/tr>\n<tr>\n<td>5<\/td>\n<td>Hoffenheim II<\/td>\n<td>2<\/td>\n<td>1<\/td>\n<td>1<\/td>\n<td>0<\/td>\n<td>4:2<\/td>\n<td>2<\/td>\n<td>4<\/td>\n<\/tr>\n<tr>\n<td>6<\/td>\n<td>SV Wehen Wie<\/td>\n<td>3<\/td>\n<td>1<\/td>\n<td>1<\/td>\n<td>1<\/td>\n<td>8:7<\/td>\n<td>1<\/td>\n<td>4<\/td>\n<\/tr>\n<tr>\n<td>7<\/td>\n<td>Saarbr\u00fccken<\/td>\n<td>2<\/td>\n<td>1<\/td>\n<td>1<\/td>\n<td>0<\/td>\n<td>5:4<\/td>\n<td>1<\/td>\n<td>4<\/td>\n<\/tr>\n<tr>\n<td>8<\/td>\n<td>F.C. Hansa<\/td>\n<td>2<\/td>\n<td>1<\/td>\n<td>1<\/td>\n<td>0<\/td>\n<td>1:0<\/td>\n<td>1<\/td>\n<td>4<\/td>\n<\/tr>\n<tr>\n<td>9<\/td>\n<td>Viktoria K\u00f6ln<\/td>\n<td>2<\/td>\n<td>1<\/td>\n<td>0<\/td>\n<td>1<\/td>\n<td>3:2<\/td>\n<td>1<\/td>\n<td>3<\/td>\n<\/tr>\n<tr>\n<td>10<\/td>\n<td>VfB Stuttg. II<\/td>\n<td>2<\/td>\n<td>1<\/td>\n<td>0<\/td>\n<td>1<\/td>\n<td>3:3<\/td>\n<td>0<\/td>\n<td>3<\/td>\n<\/tr>\n<tr>\n<td>11<\/td>\n<td>SSV Ulm<\/td>\n<td>2<\/td>\n<td>1<\/td>\n<td>0<\/td>\n<td>1<\/td>\n<td>2:3<\/td>\n<td>-1<\/td>\n<td>3<\/td>\n<\/tr>\n<tr>\n<td>12<\/td>\n<td>SC Verl<\/td>\n<td>2<\/td>\n<td>0<\/td>\n<td>2<\/td>\n<td>0<\/td>\n<td>4:4<\/td>\n<td>0<\/td>\n<td>2<\/td>\n<\/tr>\n<tr>\n<td>13<\/td>\n<td>TSV Havelse<\/td>\n<td>2<\/td>\n<td>0<\/td>\n<td>2<\/td>\n<td>0<\/td>\n<td>1:1<\/td>\n<td>0<\/td>\n<td>2<\/td>\n<\/tr>\n<tr>\n<td>14<\/td>\n<td>Ingolstadt<\/td>\n<td>2<\/td>\n<td>0<\/td>\n<td>1<\/td>\n<td>1<\/td>\n<td>2:3<\/td>\n<td>-1<\/td>\n<td>1<\/td>\n<\/tr>\n<tr>\n<td>15<\/td>\n<td>SV Waldhof<\/td>\n<td>2<\/td>\n<td>0<\/td>\n<td>1<\/td>\n<td>1<\/td>\n<td>2:3<\/td>\n<td>-1<\/td>\n<td>1<\/td>\n<\/tr>\n<tr>\n<td>16<\/td>\n<td>Erzgeb.  Aue<\/td>\n<td>2<\/td>\n<td>0<\/td>\n<td>1<\/td>\n<td>1<\/td>\n<td>0:1<\/td>\n<td>-1<\/td>\n<td>1<\/td>\n<\/tr>\n<tr>\n<td><strong>17<\/strong><\/td>\n<td><strong>Alemannia Aachen<\/strong><\/td>\n<td><strong>2<\/strong><\/td>\n<td><strong>0<\/strong><\/td>\n<td><strong>1<\/strong><\/td>\n<td><strong>1<\/strong><\/td>\n<td><strong>2:4<\/strong><\/td>\n<td><strong>-2<\/strong><\/td>\n<td><strong>1<\/strong><\/td>\n<\/tr>\n<tr>\n<td>18<\/td>\n<td>VfL Osnabr\u00fcck<\/td>\n<td>2<\/td>\n<td>0<\/td>\n<td>1<\/td>\n<td>1<\/td>\n<td>1:3<\/td>\n<td>-2<\/td>\n<td>1<\/td>\n<\/tr>\n<tr>\n<td>19<\/td>\n<td>SSV Jahn<\/td>\n<td>2<\/td>\n<td>0<\/td>\n<td>1<\/td>\n<td>1<\/td>\n<td>1:5<\/td>\n<td>-4<\/td>\n<td>1<\/td>\n<\/tr>\n<tr>\n<td>20<\/td>\n<td>Schweinfurt<\/td>\n<td>2<\/td>\n<td>0<\/td>\n<td>0<\/td>\n<td>2<\/td>\n<td>0:4<\/td>\n<td>-4<\/td>\n<td>0<\/td>\n<\/tr>\n<p>Folgen Sie <a href=\"https:\/\/news.de\/\" rel=\"nofollow noopener\" target=\"_blank\"><strong>News.de<\/strong><\/a> schon bei <a href=\"https:\/\/www.whatsapp.com\/channel\/0029Va8YJU64dTnSU80eqh2b\" rel=\"nofollow noopener\" target=\"_blank\"><strong>WhatsApp<\/strong><\/a>, <a href=\"https:\/\/www.facebook.com\/News.de\" rel=\"nofollow noopener\" target=\"_blank\"><strong>Facebook<\/strong><\/a>, <a href=\"https:\/\/twitter.com\/news_de\" rel=\"nofollow noopener\" target=\"_blank\"><strong>Twitter<\/strong><\/a>, <a href=\"https:\/\/www.pinterest.de\/newsde\/\" rel=\"nofollow noopener\" target=\"_blank\"><strong>Pinterest<\/strong><\/a> und <a href=\"https:\/\/www.youtube.com\/channel\/UCOzsvCb0KteNrzUboTonVYA\" rel=\"nofollow noopener\" target=\"_blank\"><strong>YouTube<\/strong><\/a>? Hier finden Sie brandhei\u00dfe News, aktuelle Videos und den direkten Draht zur Redaktion.  <\/p>\n<p>+++ Redaktioneller Hinweis: Dieser Text wurde auf Basis aktueller Sportdaten generiert und wird regelm\u00e4\u00dfig datengetrieben aktualisiert. Feedback und Anmerkungen nehmen wir unter hinweis@news.de entgegen. +++<\/p>\n<p><a href=\"https:\/\/www.news.de\/autor\/Sarah+Knauth\/\" rel=\"author nofollow noopener\" target=\"_blank\">kns<\/a>\/roj\/news.de<\/p>\n<p>                    <script async src=\"https:\/\/platform.twitter.com\/widgets.js\" charset=\"utf-8\"><\/script><\/p>\n","protected":false},"excerpt":{"rendered":"In der laufenden Saison 2025\/2026 hat Alemannia Aachen bereits 2 Spiele hinter sich gebracht und dabei 1 Punkt&hellip;\n","protected":false},"author":2,"featured_media":336995,"comment_status":"","ping_status":"","sticky":false,"template":"","format":"standard","meta":{"footnotes":""},"categories":[1853],"tags":[1424,3364,29,548,663,3934,30,13,14,15,1209,12,265],"class_list":{"0":"post-365374","1":"post","2":"type-post","3":"status-publish","4":"format-standard","5":"has-post-thumbnail","7":"category-aachen","8":"tag-aachen","9":"tag-de","10":"tag-deutschland","11":"tag-eu","12":"tag-europa","13":"tag-europe","14":"tag-germany","15":"tag-headlines","16":"tag-nachrichten","17":"tag-news","18":"tag-nordrhein-westfalen","19":"tag-schlagzeilen","20":"tag-sport"},"share_on_mastodon":{"url":"https:\/\/pubeurope.com\/@de\/115074545327590687","error":""},"_links":{"self":[{"href":"https:\/\/www.europesays.com\/de\/wp-json\/wp\/v2\/posts\/365374","targetHints":{"allow":["GET"]}}],"collection":[{"href":"https:\/\/www.europesays.com\/de\/wp-json\/wp\/v2\/posts"}],"about":[{"href":"https:\/\/www.europesays.com\/de\/wp-json\/wp\/v2\/types\/post"}],"author":[{"embeddable":true,"href":"https:\/\/www.europesays.com\/de\/wp-json\/wp\/v2\/users\/2"}],"replies":[{"embeddable":true,"href":"https:\/\/www.europesays.com\/de\/wp-json\/wp\/v2\/comments?post=365374"}],"version-history":[{"count":0,"href":"https:\/\/www.europesays.com\/de\/wp-json\/wp\/v2\/posts\/365374\/revisions"}],"wp:featuredmedia":[{"embeddable":true,"href":"https:\/\/www.europesays.com\/de\/wp-json\/wp\/v2\/media\/336995"}],"wp:attachment":[{"href":"https:\/\/www.europesays.com\/de\/wp-json\/wp\/v2\/media?parent=365374"}],"wp:term":[{"taxonomy":"category","embeddable":true,"href":"https:\/\/www.europesays.com\/de\/wp-json\/wp\/v2\/categories?post=365374"},{"taxonomy":"post_tag","embeddable":true,"href":"https:\/\/www.europesays.com\/de\/wp-json\/wp\/v2\/tags?post=365374"}],"curies":[{"name":"wp","href":"https:\/\/api.w.org\/{rel}","templated":true}]}}