{"id":365493,"date":"2025-08-22T22:34:51","date_gmt":"2025-08-22T22:34:51","guid":{"rendered":"https:\/\/www.europesays.com\/de\/365493\/"},"modified":"2025-08-22T22:34:51","modified_gmt":"2025-08-22T22:34:51","slug":"wiesbadener-fototage-2025-faz","status":"publish","type":"post","link":"https:\/\/www.europesays.com\/de\/365493\/","title":{"rendered":"Wiesbadener Fototage 2025 | FAZ"},"content":{"rendered":"<p class=\"p1 sm:p1-medium items-start pb-[20px]\" data-selector=\"body-paragraph\" data-external-selector=\"body-elements-paragraph\" data-v-f16c667d=\"\" data-v-439309db=\"\">Seit ihrer Gr\u00fcndung im Jahr 2002 verstehen sich die \u201eWiesbadener Fototage\u201c als Festival f\u00fcr aktuelle k\u00fcnstlerische und dokumentarische Fotografie. Bereits mehr als 400 Teilnehmende pr\u00e4sentierten seitdem in der hessischen Landeshauptstadt ihre Arbeiten einem breiten Publikum. Interessierte Fotografinnen und Fotografen aus aller Welt k\u00f6nnen sich f\u00fcr die Teilnahme bewerben. Es gibt keinerlei stilistische oder technische Einschr\u00e4nkungen f\u00fcr die Einreichungen. Lediglich das aktuelle Festivalthema, dieses Jahr \u201eZukunft? Welche Zukunft?\u201c, soll in eigenst\u00e4ndigen, hochwertigen Bilderserien eine pers\u00f6nliche Positionierung der Fotografinnen und Fotografen erkennen lassen.<\/p>\n<p class=\"p1 sm:p1-medium items-start pb-[20px]\" data-selector=\"body-paragraph\" data-external-selector=\"body-elements-paragraph\" data-v-f16c667d=\"\" data-v-439309db=\"\">Dieses Mal pr\u00e4sentieren mehr als 30 K\u00fcnstlerinnen und K\u00fcnstler ihre Beitr\u00e4ge in sieben Haupt- und zwei Sonderausstellungen, die sich auf verschiedenste Kulturinstitutionen im ganzen Stadtgebiet verteilen. Die Gesamtheit aller Schauen bildet eine ausgewogene Mischung aus k\u00fcnstlerischer und Dokumentar-Fotografie, auch journalistische Reportagen befinden sich darunter. Bei einigen Arbeiten kamen Videotechnologie und K\u00fcnstliche Intelligenz zum Einsatz.<\/p>\n<p class=\"p1 sm:p1-medium items-start pb-[20px]\" data-selector=\"body-paragraph\" data-external-selector=\"body-elements-paragraph\" data-v-f16c667d=\"\" data-v-439309db=\"\">Um auch die Besucherinnen und Besucher in die Bewertung der Beitr\u00e4ge miteinzubeziehen, gibt es neben dem \u201ePreis der Jury\u201c, der bereits am Er\u00f6ffnungsabend verliehen wird, zum Veranstaltungsende einen Publikumspreis.<\/p>\n<p class=\"p1 sm:p1-medium items-start pb-[20px]\" data-selector=\"body-paragraph\" data-external-selector=\"body-elements-paragraph\" data-v-f16c667d=\"\" data-v-439309db=\"\">Zuk\u00fcnftig werden sie alle drei Jahre im Wechsel mit den \u201eDarmst\u00e4dter Tagen der Fotografie\u201c und den \u201eRAY Fotografieprojekten Frankfurt\/RheinMain\u201c stattfinden. Es gibt ein umfangreiches Begleitprogramm, der Eintritt zu allen Ausstellungen ist frei.<\/p>\n<p class=\"p1 sm:p1-medium items-start pb-[20px]\" data-selector=\"body-paragraph\" data-external-selector=\"body-elements-paragraph\" data-v-f16c667d=\"\" data-v-439309db=\"\">https:\/\/wiesbadener-fototage.de<\/p>\n<p><img decoding=\"async\" alt=\"Aus Pia Hertels Serie \u201eWars \u00b4R us - Kinder sind unsere Zukunft\u201c:  Hand Grenade Mobile for Early Visual Education and Explosive Battlefield Dreams. Ausgestellt im \u201efrauen museum wiesbaden\u201c.\" height=\"1333\" loading=\"lazy\"   src=\"https:\/\/www.europesays.com\/de\/wp-content\/uploads\/2025\/08\/aus-pia-hertels-serie-wars-r.jpg\" width=\"2000\" class=\"pur:max-w-content-xl relative left-1\/2 w-[calc(100vw_-_40px)] max-w-[960px] -translate-x-1\/2\" tabindex=\"0\"\/>Aus Pia Hertels Serie \u201eWars \u00b4R us &#8211; Kinder sind unsere Zukunft\u201c:  Hand Grenade Mobile for Early Visual Education and Explosive Battlefield Dreams. Ausgestellt im \u201efrauen museum wiesbaden\u201c.Pia Hertel<img decoding=\"async\" alt=\"Eva Bystrianska: Zero Wast Jihlava. Zu sehen im \u201efrauen museum wiesbaden\u201c\" height=\"2000\" loading=\"lazy\"   src=\"https:\/\/www.europesays.com\/de\/wp-content\/uploads\/2025\/08\/eva-bystrianska-zero-wast.jpg\" width=\"1333\" class=\"sm:w-content-sm w-full\" tabindex=\"0\"\/>Eva Bystrianska: Zero Wast Jihlava. Zu sehen im \u201efrauen museum wiesbaden\u201cEva Bystrianska<img decoding=\"async\" alt=\"Tobias Kruse: Deponie. Ausgestellt im Kunstverein Walkm\u00fchle\" height=\"2000\" loading=\"lazy\"   src=\"https:\/\/www.europesays.com\/de\/wp-content\/uploads\/2025\/08\/tobias-kruse-deponie.jpg\" width=\"1500\" class=\"sm:w-content-sm w-full\" tabindex=\"0\"\/>Tobias Kruse: Deponie. Ausgestellt im Kunstverein Walkm\u00fchleTobias Kruse<img decoding=\"async\" alt=\"Aus Maartje Martisans Projekt \u201eNeverending End\u201c: Portrait mother &amp; me. Zu sehen im Kunstverein Bellevue-Saal\" height=\"879\" loading=\"lazy\"   src=\"https:\/\/www.europesays.com\/de\/wp-content\/uploads\/2025\/08\/aus-maartje-martisans-projekt.jpg\" width=\"2000\" class=\"pur:max-w-content-xl relative left-1\/2 w-[calc(100vw_-_40px)] max-w-[960px] -translate-x-1\/2\" tabindex=\"0\"\/>Aus Maartje Martisans Projekt \u201eNeverending End\u201c: Portrait mother &amp; me. Zu sehen im Kunstverein Bellevue-SaalMaartje Martisan<img decoding=\"async\" alt=\"Aus Katerina Belkinas Arbeit: For All Mankind. Zu sehen im K\u00fcnstlerverien Walkm\u00fchle\" height=\"1734\" loading=\"lazy\"   src=\"https:\/\/www.europesays.com\/de\/wp-content\/uploads\/2025\/08\/aus-katerina-belkinas-arbeit.jpg\" width=\"2000\" class=\"pur:max-w-content-xl relative left-1\/2 w-[calc(100vw_-_40px)] max-w-[960px] -translate-x-1\/2\" tabindex=\"0\"\/>Aus Katerina Belkinas Arbeit: For All Mankind. Zu sehen im K\u00fcnstlerverien Walkm\u00fchleKaterina Belkina<img decoding=\"async\" alt=\"Arne Grashoff: Human Makes Human. Ausgestellt im K\u00fcnstlerverein Walkm\u00fchle.\" height=\"2000\" loading=\"lazy\"   src=\"https:\/\/www.europesays.com\/de\/wp-content\/uploads\/2025\/08\/arne-grashoff-human-makes.jpg\" width=\"1574\" class=\"sm:w-content-sm w-full\" tabindex=\"0\"\/>Arne Grashoff: Human Makes Human. Ausgestellt im K\u00fcnstlerverein Walkm\u00fchle.Arne Grashoff<img decoding=\"async\" alt=\"J\u00fcrgen Altmann: Talking Places. Ausgestellt im \u201efrauen museum wiesbaden\u201c\" height=\"1334\" loading=\"lazy\"   src=\"https:\/\/www.europesays.com\/de\/wp-content\/uploads\/2025\/08\/juergen-altmann-talking-places.jpg\" width=\"2000\" class=\"pur:max-w-content-xl relative left-1\/2 w-[calc(100vw_-_40px)] max-w-[960px] -translate-x-1\/2\" tabindex=\"0\"\/>J\u00fcrgen Altmann: Talking Places. Ausgestellt im \u201efrauen museum wiesbaden\u201cJ\u00fcrgen Altmann<img decoding=\"async\" alt=\"FALK:BRVT.: \u201eschwarz rot gold 2024\u201c. Ausgestellt im Kunstverein Bellevue-Saal.\" height=\"1333\" loading=\"lazy\"   src=\"https:\/\/www.europesays.com\/de\/wp-content\/uploads\/2025\/08\/falk-brvt-schwarz-rot-gold.jpg\" width=\"2000\" class=\"pur:max-w-content-xl relative left-1\/2 w-[calc(100vw_-_40px)] max-w-[960px] -translate-x-1\/2\" tabindex=\"0\"\/>FALK:BRVT.: \u201eschwarz rot gold 2024\u201c. Ausgestellt im Kunstverein Bellevue-Saal.falk.brvt<img decoding=\"async\" alt=\"Toby Binder: Belfast, Carrick Hill. Brendan behind a police line at Trinity Street. Ausgestellt im K\u00fcnstlerverein Walkm\u00fchle.\" height=\"1500\" loading=\"lazy\"   src=\"https:\/\/www.europesays.com\/de\/wp-content\/uploads\/2025\/08\/toby-binder-belfast-carrick.jpg\" width=\"2000\" class=\"pur:max-w-content-xl relative left-1\/2 w-[calc(100vw_-_40px)] max-w-[960px] -translate-x-1\/2\" tabindex=\"0\"\/>Toby Binder: Belfast, Carrick Hill. Brendan behind a police line at Trinity Street. Ausgestellt im K\u00fcnstlerverein Walkm\u00fchle.Toby Binder<img decoding=\"async\" alt=\"Marcelina Wellmer: Ein Videostill aus Solid Landscapes. Ausgestellt im Kunsthaus Wiesbaden.\" height=\"1167\" loading=\"lazy\"   src=\"https:\/\/www.europesays.com\/de\/wp-content\/uploads\/2025\/08\/marcelina-wellmer-ein.jpg\" width=\"2000\" class=\"pur:max-w-content-xl relative left-1\/2 w-[calc(100vw_-_40px)] max-w-[960px] -translate-x-1\/2\" tabindex=\"0\"\/>Marcelina Wellmer: Ein Videostill aus Solid Landscapes. Ausgestellt im Kunsthaus Wiesbaden.Marcelina Wellmer<img decoding=\"async\" alt=\"Aus Gerd Waliszewskis Serie: Between the Sirenes. Zu sehen im K\u00fcnstlerverein Walkm\u00fchle.\" height=\"1336\" loading=\"lazy\"   src=\"https:\/\/www.europesays.com\/de\/wp-content\/uploads\/2025\/08\/aus-gerd-waliszewskis-serie.jpg\" width=\"2000\" class=\"pur:max-w-content-xl relative left-1\/2 w-[calc(100vw_-_40px)] max-w-[960px] -translate-x-1\/2\" tabindex=\"0\"\/>Aus Gerd Waliszewskis Serie: Between the Sirenes. Zu sehen im K\u00fcnstlerverein Walkm\u00fchle.Gerd Waliszewski<img decoding=\"async\" alt=\"Gosbert Gottmann: Aus der Serie \u201eVortex\u201c, zu sehen im Kunstverein Bellevue-Saal.\" height=\"2000\" loading=\"lazy\"   src=\"https:\/\/www.europesays.com\/de\/wp-content\/uploads\/2025\/08\/gosbert-gottmann-aus-der-serie.jpg\" width=\"2000\" class=\"sm:w-content-sm w-full\" tabindex=\"0\"\/>Gosbert Gottmann: Aus der Serie \u201eVortex\u201c, zu sehen im Kunstverein Bellevue-Saal.Gosbert Gottmann<img decoding=\"async\" alt=\"Arez Ghaderi: Hello Italy. Ausgestellt im Stadtmuseum am Markt.\" height=\"1333\" loading=\"lazy\"   src=\"https:\/\/www.europesays.com\/de\/wp-content\/uploads\/2025\/08\/arez-ghaderi-hello-italy.jpg\" width=\"2000\" class=\"pur:max-w-content-xl relative left-1\/2 w-[calc(100vw_-_40px)] max-w-[960px] -translate-x-1\/2\" tabindex=\"0\"\/>Arez Ghaderi: Hello Italy. Ausgestellt im Stadtmuseum am Markt.Arez Ghaderi<img decoding=\"async\" alt=\"Jan-Richard Heinicke: Ane Egede in ihrer Wohnung in Narsaq. Zu sehen im Stadtmuseum am Markt.\" height=\"2000\" loading=\"lazy\"   src=\"https:\/\/www.europesays.com\/de\/wp-content\/uploads\/2025\/08\/jan-richard-heinicke-ane-egede.jpg\" width=\"1500\" class=\"sm:w-content-sm w-full\" tabindex=\"0\"\/>Jan-Richard Heinicke: Ane Egede in ihrer Wohnung in Narsaq. Zu sehen im Stadtmuseum am Markt.Jan-Richard Heinicke<img decoding=\"async\" alt=\"Serghei Duve: \u201e\u0441\u0432\u0435\u0442\u043b\u0430\u044f \u043f\u0430\u043c\u044f\u0442\u044c \u2013 Helle Erinnerung\u201c, ausgestellt im Kunsthaus Wiesbaden.\" height=\"1333\" loading=\"lazy\"   src=\"https:\/\/www.europesays.com\/de\/wp-content\/uploads\/2025\/08\/serghei-duve-helle-erinnerung.jpg\" width=\"2000\" class=\"pur:max-w-content-xl relative left-1\/2 w-[calc(100vw_-_40px)] max-w-[960px] -translate-x-1\/2\" tabindex=\"0\"\/>Serghei Duve: \u201e\u0441\u0432\u0435\u0442\u043b\u0430\u044f \u043f\u0430\u043c\u044f\u0442\u044c \u2013 Helle Erinnerung\u201c, ausgestellt im Kunsthaus Wiesbaden.Serghei Duve<img decoding=\"async\" alt=\"Videostill aus \u201eMan And Machine\u201c von Sven  Weber. Ausgestellt im K\u00fcnstlerverein Walkm\u00fchle.\" height=\"1080\" loading=\"lazy\"   src=\"https:\/\/www.europesays.com\/de\/wp-content\/uploads\/2025\/08\/videostill-aus-man-and-machine.jpg\" width=\"1920\" class=\"pur:max-w-content-xl relative left-1\/2 w-[calc(100vw_-_40px)] max-w-[960px] -translate-x-1\/2\" tabindex=\"0\"\/>Videostill aus \u201eMan And Machine\u201c von Sven  Weber. Ausgestellt im K\u00fcnstlerverein Walkm\u00fchle.Sven Weber<img decoding=\"async\" alt=\"Sibylle Fendt: \u201eHandabdruck Mischa, 24.4.2023, Berlin\u201c. Zu sehen in einer gemeinsamen Ausstellung des Projekts \u201eTag X\u201c von Sibylle Fendt und Paula Winklert im Kunsthaus Wiesbaden\" height=\"2000\" loading=\"lazy\"   src=\"https:\/\/www.europesays.com\/de\/wp-content\/uploads\/2025\/08\/sibylle-fendt-handabdruck.jpg\" width=\"1667\" class=\"sm:w-content-sm w-full\" tabindex=\"0\"\/>Sibylle Fendt: \u201eHandabdruck Mischa, 24.4.2023, Berlin\u201c. Zu sehen in einer gemeinsamen Ausstellung des Projekts \u201eTag X\u201c von Sibylle Fendt und Paula Winklert im Kunsthaus WiesbadenSibylle Fendt\/Ostkreuz<img decoding=\"async\" alt=\"Aus Jenny Bewers Werkreihe: Abuse of Power. Ausgestellt im K\u00fcnstlerverein Walkm\u00fchle.\" height=\"2000\" loading=\"lazy\"   src=\"https:\/\/www.europesays.com\/de\/wp-content\/uploads\/2025\/08\/aus-jenny-bewers-werkreihe.jpg\" width=\"1600\" class=\"sm:w-content-sm w-full\" tabindex=\"0\"\/>Aus Jenny Bewers Werkreihe: Abuse of Power. Ausgestellt im K\u00fcnstlerverein Walkm\u00fchle.Sven Weber<img decoding=\"async\" alt=\"Aus Laura Pannack\u00b4s Werkreihe \u201eBaruch\u201c. Ausstellungsort Aktives Museum Spiegelgasse.\" height=\"1335\" loading=\"lazy\"   src=\"https:\/\/www.europesays.com\/de\/wp-content\/uploads\/2025\/08\/aus-laura-pannack-s-werkreihe.jpg\" width=\"2000\" class=\"pur:max-w-content-xl relative left-1\/2 w-[calc(100vw_-_40px)] max-w-[960px] -translate-x-1\/2\" tabindex=\"0\"\/>Aus Laura Pannack\u00b4s Werkreihe \u201eBaruch\u201c. Ausstellungsort Aktives Museum Spiegelgasse.Laura Pannack<img decoding=\"async\" alt=\"Mohammad Rakibul Hasan: Werkreihe \u201eThe Blue Fig\u201c. Zu sehen im Kunsthaus Wiesbaden.\" height=\"1333\" loading=\"lazy\"   src=\"https:\/\/www.europesays.com\/de\/wp-content\/uploads\/2025\/08\/mohammad-rakibul-hasan.jpg\" width=\"2000\" class=\"pur:max-w-content-xl relative left-1\/2 w-[calc(100vw_-_40px)] max-w-[960px] -translate-x-1\/2\" tabindex=\"0\"\/>Mohammad Rakibul Hasan: Werkreihe \u201eThe Blue Fig\u201c. Zu sehen im Kunsthaus Wiesbaden.Mohammad Rakibul Hasan<img decoding=\"async\" alt=\"Berit J\u00e4ger: Werkreihe Blick nach vorn \u2013 Zukunft zwischen KI und Realit\u00e4t II. Zu sehen im Stadtmuseum am Markt.\" height=\"1500\" loading=\"lazy\"   src=\"https:\/\/www.europesays.com\/de\/wp-content\/uploads\/2025\/08\/berit-jaeger-werkreihe-blick.jpg\" width=\"2000\" class=\"pur:max-w-content-xl relative left-1\/2 w-[calc(100vw_-_40px)] max-w-[960px] -translate-x-1\/2\" tabindex=\"0\"\/>Berit J\u00e4ger: Werkreihe Blick nach vorn \u2013 Zukunft zwischen KI und Realit\u00e4t II. Zu sehen im Stadtmuseum am Markt.Berit J\u00e4ger<img decoding=\"async\" alt=\"Ziyi Le: Werkreihe New Comer. Ausgestellt im Kunsthaus Wiesbaden\" height=\"1633\" loading=\"lazy\"   src=\"https:\/\/www.europesays.com\/de\/wp-content\/uploads\/2025\/08\/ziyi-le-werkreihe-new-comer.jpg\" width=\"2000\" class=\"pur:max-w-content-xl relative left-1\/2 w-[calc(100vw_-_40px)] max-w-[960px] -translate-x-1\/2\" tabindex=\"0\"\/>Ziyi Le: Werkreihe New Comer. Ausgestellt im Kunsthaus WiesbadenSven Weber<img decoding=\"async\" alt=\"Filippo Venturi: Die Werkreihe \u201eBroken Mirror\u201c ist im Kunsthaus Wiesbaden zu sehen.\" height=\"1333\" loading=\"lazy\"   src=\"https:\/\/www.europesays.com\/de\/wp-content\/uploads\/2025\/08\/filippo-venturi-die-werkreihe.jpg\" width=\"2000\" class=\"pur:max-w-content-xl relative left-1\/2 w-[calc(100vw_-_40px)] max-w-[960px] -translate-x-1\/2\" tabindex=\"0\"\/>Filippo Venturi: Die Werkreihe \u201eBroken Mirror\u201c ist im Kunsthaus Wiesbaden zu sehen.Filippo Venturi<img decoding=\"async\" alt=\"Sven Weber: Das Werk \u201ewarten wir es ab, wie weit wir kommen \u2026\u201c ist ausgestellt in der Galerie Rubrecht Contemporary\" height=\"1500\" loading=\"lazy\"   src=\"https:\/\/www.europesays.com\/de\/wp-content\/uploads\/2025\/08\/sven-weber-das-werk-warten-wir.jpg\" width=\"2000\" class=\"pur:max-w-content-xl relative left-1\/2 w-[calc(100vw_-_40px)] max-w-[960px] -translate-x-1\/2\" tabindex=\"0\"\/>Sven Weber: Das Werk \u201ewarten wir es ab, wie weit wir kommen \u2026\u201c ist ausgestellt in der Galerie Rubrecht ContemporarySven Weber<img decoding=\"async\" alt=\"Br\u00fcninghaus Werkreihe \u201eElektrowesen\u201c. Ausgestellt im \u201efrauen museum wiesbaden\u201c.\" height=\"2000\" loading=\"lazy\"   src=\"https:\/\/www.europesays.com\/de\/wp-content\/uploads\/2025\/08\/brueninghaus-werkreihe.jpg\" width=\"1334\" class=\"sm:w-content-sm w-full\" tabindex=\"0\"\/>Br\u00fcninghaus Werkreihe \u201eElektrowesen\u201c. Ausgestellt im \u201efrauen museum wiesbaden\u201c.Kai Br\u00fcninghaus<img decoding=\"async\" alt=\"Werkreihe: Ich wei\u00df, wie ich hierher kam, aber ich wei\u00df nicht, wie ich weiterkomme. Zu sehen in der Galerie Ruprecht Contemporary.\" height=\"1333\" loading=\"lazy\"   src=\"https:\/\/www.europesays.com\/de\/wp-content\/uploads\/2025\/08\/werkreihe-ich-weiss-wie-ich.jpg\" width=\"2000\" class=\"pur:max-w-content-xl relative left-1\/2 w-[calc(100vw_-_40px)] max-w-[960px] -translate-x-1\/2\" tabindex=\"0\"\/>Werkreihe: Ich wei\u00df, wie ich hierher kam, aber ich wei\u00df nicht, wie ich weiterkomme. Zu sehen in der Galerie Ruprecht Contemporary.Larta Wilde<\/p>\n","protected":false},"excerpt":{"rendered":"Seit ihrer Gr\u00fcndung im Jahr 2002 verstehen sich die \u201eWiesbadener Fototage\u201c als Festival f\u00fcr aktuelle k\u00fcnstlerische und dokumentarische&hellip;\n","protected":false},"author":2,"featured_media":365494,"comment_status":"","ping_status":"","sticky":false,"template":"","format":"standard","meta":{"footnotes":""},"categories":[1775],"tags":[1793,29,214,30,1794,215],"class_list":{"0":"post-365493","1":"post","2":"type-post","3":"status-publish","4":"format-standard","5":"has-post-thumbnail","7":"category-kunst-und-design","8":"tag-art-and-design","9":"tag-deutschland","10":"tag-entertainment","11":"tag-germany","12":"tag-kunst-und-design","13":"tag-unterhaltung"},"share_on_mastodon":{"url":"https:\/\/pubeurope.com\/@de\/115074809296284485","error":""},"_links":{"self":[{"href":"https:\/\/www.europesays.com\/de\/wp-json\/wp\/v2\/posts\/365493","targetHints":{"allow":["GET"]}}],"collection":[{"href":"https:\/\/www.europesays.com\/de\/wp-json\/wp\/v2\/posts"}],"about":[{"href":"https:\/\/www.europesays.com\/de\/wp-json\/wp\/v2\/types\/post"}],"author":[{"embeddable":true,"href":"https:\/\/www.europesays.com\/de\/wp-json\/wp\/v2\/users\/2"}],"replies":[{"embeddable":true,"href":"https:\/\/www.europesays.com\/de\/wp-json\/wp\/v2\/comments?post=365493"}],"version-history":[{"count":0,"href":"https:\/\/www.europesays.com\/de\/wp-json\/wp\/v2\/posts\/365493\/revisions"}],"wp:featuredmedia":[{"embeddable":true,"href":"https:\/\/www.europesays.com\/de\/wp-json\/wp\/v2\/media\/365494"}],"wp:attachment":[{"href":"https:\/\/www.europesays.com\/de\/wp-json\/wp\/v2\/media?parent=365493"}],"wp:term":[{"taxonomy":"category","embeddable":true,"href":"https:\/\/www.europesays.com\/de\/wp-json\/wp\/v2\/categories?post=365493"},{"taxonomy":"post_tag","embeddable":true,"href":"https:\/\/www.europesays.com\/de\/wp-json\/wp\/v2\/tags?post=365493"}],"curies":[{"name":"wp","href":"https:\/\/api.w.org\/{rel}","templated":true}]}}