{"id":365549,"date":"2025-08-22T23:05:20","date_gmt":"2025-08-22T23:05:20","guid":{"rendered":"https:\/\/www.europesays.com\/de\/365549\/"},"modified":"2025-08-22T23:05:20","modified_gmt":"2025-08-22T23:05:20","slug":"startschuss-fuer-die-neue-spielzeit","status":"publish","type":"post","link":"https:\/\/www.europesays.com\/de\/365549\/","title":{"rendered":"Startschuss f\u00fcr die neue Spielzeit"},"content":{"rendered":"<p>                <img loading=\"lazy\" decoding=\"async\" class=\"article__image__img\"   src=\"https:\/\/www.europesays.com\/de\/wp-content\/uploads\/2025\/08\/ee79da8542427087e30bde4ef73fc73e.jpg\" width=\"812\" height=\"539\" alt=\"Der Preis \" herbert=\"\" wird=\"\" in=\"\" den=\"\" flottmann-hallen=\"\" wieder=\"\" am=\"\" samstag=\"\" september=\"\" vergeben.=\"\"\/><\/p>\n<p>                    Foto:<br \/>\n                    Bj\u00f6rn Koch                <\/p>\n<p>                    Der Preis &#8222;Herbert!&#8220; wird in den Flottmann-Hallen wieder am Samstag, 27. September 2025, vergeben.                <\/p>\n<p>\n    Herbst- und Wintersaison in den Flottmann-Hallen\n<\/p>\n<p>Startschuss f\u00fcr die neue Spielzeit<\/p>\n<p class=\"article__paragraph\">Die Sommerpause neigt sich dem Ende zu. In den Flottmann-Hallen, Stra\u00dfe des Borhammers 5, beginnt bald die Herbst- und Wintersaison mit einem abwechslungsreichen Programm aus Musik, darstellenden K\u00fcnsten, Ausstellungen und weiteren kulturellen Angeboten.<\/p>\n<p><a class=\"article__banner__link\" href=\"https:\/\/www.halloherne.de\/out\/blink\/1128\" target=\"blank\" rel=\"nofollow noopener\"><br \/>\n    <img loading=\"lazy\" decoding=\"async\" class=\"article__banner__image\" width=\"470\" height=\"210\" src=\"https:\/\/www.europesays.com\/de\/wp-content\/uploads\/2025\/08\/2c3934ac223c2606e258ec99c54f577a.png\" alt=\"Anzeige: CDU - Kommunalwahl 2025\"\/><br \/>\n<\/a><\/p>\n<p class=\"article__paragraph\">Den Auftakt nach der Sommerpause gestalten die Spieler des Fantasy-Kartenspiels \u201eMagic: The Gathering\u201c. Am Wochenende ab Freitag, 22. August findet die vierte \u201eLotusVale Series\u201c statt, die drei Tage lang Gelegenheit zum zwanglosen Spielen und zur Teilnahme an Turnieren bietet. Karten unter <a class=\"\" href=\"https:\/\/lotusvaleseries.ticket.io\/\" target=\"_blank\" rel=\"nofollow noopener\">https:\/\/lotusvaleseries.ticket.io\/<\/a>.<\/p>\n<p>                 Samstag, <b>23. August 2025<\/b>            <\/p>\n<p>                 Flottmann Hallen Herne, Stra\u00dfe des Bohrhammers 5, 44625 Herne            <\/p>\n<p>            Weitere Termine (1) anzeigen&#8230;<\/p>\n<p>        Vergangene Termine (1) anzeigen&#8230;<\/p>\n<p class=\"article__paragraph\">Am Samstag, 6. September 2025, feiert das Ensemble Common Ground seine Premiere mit dem St\u00fcck \u201eAuf|Bruch\u201c (<a class=\"\" href=\"https:\/\/www.halloherne.de\/artikel\/common-ground-aufbruch-75151\" rel=\"nofollow noopener\" target=\"_blank\">halloherne berichtete<\/a>). Dieses Werk, das Akrobatik, Seil- und Trapezartistik vereint, fragt nach gemeinsamen Werten innerhalb einer Gesellschaft.<\/p>\n<p>                <img decoding=\"async\" class=\"article__image__img\"   src=\"https:\/\/www.europesays.com\/de\/wp-content\/uploads\/2025\/08\/f3264307925f7565e22d7dddc028c364.jpg\" width=\"812\" height=\"507\" alt=\"Das Ensemble Common Ground feiert seine Premiere mit dem St\u00fcck \" auf=\"\" bruch=\"\" loading=\"lazy\"\/><\/p>\n<p>                    Foto:<br \/>\n                    Bernadette Fink \/ Wisper                <\/p>\n<p>                    Das Ensemble Common Ground feiert seine Premiere mit dem St\u00fcck &#8222;Auf Bruch&#8220;.                <\/p>\n<p class=\"article__paragraph\">In der Sparte Neuer Zirkus kehrt die Kompanie Raum 305 zur\u00fcck und pr\u00e4sentiert am Samstag, 18. Oktober 2025, den dritten Teil ihrer Trilogie mit dem Titel \u201eHier sowie dort\u201c, das Puppentheater, Trapezakrobatik und Tanz kombiniert.<\/p>\n<p>                     Samstag, <b>6. September 2025<\/b>                <\/p>\n<p>                     Flottmann Hallen Herne, Stra\u00dfe des Bohrhammers 5, 44625 Herne                <\/p>\n<p>            Weitere Termine (1) anzeigen&#8230;<\/p>\n<ul class=\"article__event-more__list\">\n<li>Samstag, <b>18. Oktober 2025<\/b><\/li>\n<\/ul>\n<p class=\"article__paragraph\">Das theaterkohlenpott, das Hausensemble der Flottmann-Hallen, zeigt im September und Oktober die St\u00fccke \u201eTroja! Blinde Passagiere im trojanischen Pferd\u201c (<a class=\"\" href=\"https:\/\/www.halloherne.de\/artikel\/kallmeyer-urauffuehrung-begeisterte-61744\" rel=\"nofollow noopener\" target=\"_blank\">halloherne berichtete<\/a>) am Samstag, Montag und Dienstag, 20., 22. und 23. September 2025 (ab zehn Jahren) sowie das heute wieder aktuelle Werk \u201e1984\u201c nach George Orwell (<a class=\"\" href=\"https:\/\/www.halloherne.de\/artikel\/george-orwells-1984-am-theater-kohlenpott-73881\" rel=\"nofollow noopener\" target=\"_blank\">halloherne berichtete<\/a>) von Dienstag bis Donnerstag, 7. bis 9. Oktober 2025 (ab 14 Jahren).<\/p>\n<p>                <img decoding=\"async\" class=\"article__image__img\"   src=\"https:\/\/www.europesays.com\/de\/wp-content\/uploads\/2025\/04\/21c9e346cdb62f167f4fc2217043f11d.jpg\" width=\"812\" height=\"507\" alt=\"Szene aus \" die=\"\" videos=\"\" des=\"\" im=\"\" ruhrgebiets=\"\" geborenen=\"\" filmemachers=\"\" patrick=\"\" praschma=\"\" haben=\"\" einen=\"\" gro=\"\" anteil=\"\" am=\"\" erfolg=\"\" der=\"\" kohlenpott-produktion.=\"\" loading=\"lazy\"\/><\/p>\n<p>                    Foto:<br \/>\n                    Young-Soo Chang                <\/p>\n<p>                    Szene aus &#8222;1984&#8220;: Die Videos des im \u201eParis des Ruhrgebiets\u201c geborenen Filmemachers Patrick Praschma haben einen gro\u00dfen Anteil am Erfolg der Kohlenpott-Produktion.                <\/p>\n<p>                     Samstag, <b>20. September 2025<\/b>                <\/p>\n<p>            Weitere Termine (5) anzeigen&#8230;<\/p>\n<ul class=\"article__event-more__list\">\n<li>Montag, <b>22. September 2025<\/b><\/li>\n<li>Dienstag, <b>23. September 2025<\/b><\/li>\n<li>Dienstag, <b>7. Oktober 2025<\/b><\/li>\n<li>Mittwoch, <b>8. Oktober 2025<\/b><\/li>\n<li>Donnerstag, <b>9. Oktober 2025<\/b><\/li>\n<\/ul>\n<p class=\"article__paragraph\">Junge K\u00fcnstler zwischen 14 und 23 Jahren haben beim Herner Jugendkulturpreis \u201eHERBERT!\u201c die M\u00f6glichkeit, ihre Kunst zu pr\u00e4sentieren. Die Veranstaltung findet am Samstag, 27. September 2025, statt. Anmeldungen sind ab sofort auf der Webseite <a class=\"\" href=\"http:\/\/www.herbert-herne.de\" target=\"_blank\" rel=\"nofollow noopener\">www.herbert-herne.de<\/a> m\u00f6glich.<\/p>\n<p>                     Samstag, <b>27. September 2025<\/b>, um <b>16 Uhr<\/b>                <\/p>\n<p>                     Flottmann Hallen Herne, Stra\u00dfe des Bohrhammers 5, 44625 Herne                <\/p>\n<p class=\"article__paragraph\">Die Kneipenkonzerte, die am Dienstag, 16. September 2025, beginnen, bieten ein weiteres musikalisches Highlight. Jenny Thiele wird am Donnerstag, 18. September 2025, mit ihrer \u201ePlatz\u201c-Tour in Herne auftreten und tiefgr\u00fcndigen, deutschsprachigen Indie-Pop pr\u00e4sentieren.<\/p>\n<p>DJ-Contest<\/p>\n<p class=\"article__paragraph\">Am Samstag, 11. Oktober 2025, findet der Electric Residence \u2013 DJ Contest statt, bei dem Techno- und Housek\u00fcnstler um den Titel spielen. Weitere musikalische Veranstaltungen umfassen Irish und Celtic Folk der Band Cara am Donnerstag, 16. Oktober 2025, sowie das 46. Herner Rudelsingen am Donnerstag, 30. Oktober 2025.<\/p>\n<p>                     Dienstag, <b>16. September 2025<\/b>                <\/p>\n<p>                     Flottmann Hallen Herne, Stra\u00dfe des Bohrhammers 5, 44625 Herne                <\/p>\n<p>            Weitere Termine (4) anzeigen&#8230;<\/p>\n<ul class=\"article__event-more__list\">\n<li>Donnerstag, <b>18. September 2025<\/b><\/li>\n<li>Samstag, <b>11. Oktober 2025<\/b><\/li>\n<li>Donnerstag, <b>16. Oktober 2025<\/b><\/li>\n<li>Donnerstag, <b>30. Oktober 2025<\/b><\/li>\n<\/ul>\n<p class=\"article__paragraph\">Die kulturelle und politische Wahl haben die Besucher am Sonntag, 14. September 2025. Die diesj\u00e4hrige Kommunalwahl f\u00e4llt zusammen mit dem \u201eTag des offenen Denkmals\u201c und der Er\u00f6ffnung der Ausstellung \u201eForm und Fassung\u201c von J\u00e1chym Fleig und Amin Hartenstein. Ab 11 Uhr werden Einf\u00fchrungen in die Ausstellung sowie F\u00fchrungen durch das Haus angeboten.<\/p>\n<p>                     Sonntag, <b>14. September 2025<\/b>, um <b>11 Uhr<\/b>                <\/p>\n<p>                     Flottmann Hallen Herne, Stra\u00dfe des Bohrhammers 5, 44625 Herne                <\/p>\n<p><a class=\"article__banner__link\" href=\"https:\/\/www.halloherne.de\/out\/blink\/1129\" target=\"blank\" rel=\"nofollow noopener\"><br \/>\n    <img loading=\"lazy\" decoding=\"async\" class=\"article__banner__image\" width=\"470\" height=\"210\" src=\"https:\/\/www.europesays.com\/de\/wp-content\/uploads\/2025\/08\/416d27f59e66bb03ae26f994f49482c8.png\" alt=\"Anzeige: SPD 1 - Kommunalwahl 2025\"\/><br \/>\n<\/a><\/p>\n<p class=\"article__paragraph\">Das vollst\u00e4ndige Programm kann auf der Webseite <a class=\"\" href=\"http:\/\/www.flottmann-hallen.de\" target=\"_blank\" rel=\"nofollow noopener\">www.flottmann-hallen.de<\/a> eingesehen werden.<\/p>\n<p>\n    Freitag, 22. August 2025<br \/>\n         | Quelle: Patrick Mammen\/Stadt Herne<\/p>\n","protected":false},"excerpt":{"rendered":"Foto: Bj\u00f6rn Koch Der Preis &#8222;Herbert!&#8220; wird in den Flottmann-Hallen wieder am Samstag, 27. September 2025, vergeben. Herbst-&hellip;\n","protected":false},"author":2,"featured_media":365550,"comment_status":"","ping_status":"","sticky":false,"template":"","format":"standard","meta":{"footnotes":""},"categories":[1839],"tags":[7507,3364,29,30,1209],"class_list":{"0":"post-365549","1":"post","2":"type-post","3":"status-publish","4":"format-standard","5":"has-post-thumbnail","7":"category-bochum","8":"tag-bochum","9":"tag-de","10":"tag-deutschland","11":"tag-germany","12":"tag-nordrhein-westfalen"},"share_on_mastodon":{"url":"https:\/\/pubeurope.com\/@de\/115074926325941690","error":""},"_links":{"self":[{"href":"https:\/\/www.europesays.com\/de\/wp-json\/wp\/v2\/posts\/365549","targetHints":{"allow":["GET"]}}],"collection":[{"href":"https:\/\/www.europesays.com\/de\/wp-json\/wp\/v2\/posts"}],"about":[{"href":"https:\/\/www.europesays.com\/de\/wp-json\/wp\/v2\/types\/post"}],"author":[{"embeddable":true,"href":"https:\/\/www.europesays.com\/de\/wp-json\/wp\/v2\/users\/2"}],"replies":[{"embeddable":true,"href":"https:\/\/www.europesays.com\/de\/wp-json\/wp\/v2\/comments?post=365549"}],"version-history":[{"count":0,"href":"https:\/\/www.europesays.com\/de\/wp-json\/wp\/v2\/posts\/365549\/revisions"}],"wp:featuredmedia":[{"embeddable":true,"href":"https:\/\/www.europesays.com\/de\/wp-json\/wp\/v2\/media\/365550"}],"wp:attachment":[{"href":"https:\/\/www.europesays.com\/de\/wp-json\/wp\/v2\/media?parent=365549"}],"wp:term":[{"taxonomy":"category","embeddable":true,"href":"https:\/\/www.europesays.com\/de\/wp-json\/wp\/v2\/categories?post=365549"},{"taxonomy":"post_tag","embeddable":true,"href":"https:\/\/www.europesays.com\/de\/wp-json\/wp\/v2\/tags?post=365549"}],"curies":[{"name":"wp","href":"https:\/\/api.w.org\/{rel}","templated":true}]}}