{"id":365640,"date":"2025-08-22T23:56:13","date_gmt":"2025-08-22T23:56:13","guid":{"rendered":"https:\/\/www.europesays.com\/de\/365640\/"},"modified":"2025-08-22T23:56:13","modified_gmt":"2025-08-22T23:56:13","slug":"schwiegertochter-gesucht-star-ingo-droht-obdachlosigkeit","status":"publish","type":"post","link":"https:\/\/www.europesays.com\/de\/365640\/","title":{"rendered":"&#8222;Schwiegertochter gesucht&#8220;-Star Ingo droht Obdachlosigkeit"},"content":{"rendered":"<p>Nach Trennung von Annika <\/p>\n<p>&#8222;Schwiegertochter gesucht&#8220;-Star Ingo droht Obdachlosigkeit<\/p>\n<p>23.08.2025 &#8211; 00:27 UhrLesedauer: 2 Min.<\/p>\n<p><a href=\"#focus-0\" class=\"transition-colors duration-200 focus-within:text-magenta block text-current relative\" data-sctrack=\"FocusGalleryImage.Reference\"><img fetchpriority=\"high\" data-testid=\"Opener.Image\" style=\"--lqipURL:url('https:\/\/images.t-online.de\/2025\/03\/kTmmnbArUjVs\/1795x150:1745x982\/fit-in\/150x0\/filters:blur(25)\/annika-und-ingo-peters-die-beiden-lernten-sich-2018-kennen.jpg')\"   loading=\"eager\" src=\"https:\/\/www.europesays.com\/de\/wp-content\/uploads\/2025\/08\/1755906973_696_annika-und-ingo-peters-die-beiden-lernten-sich-2018-kennen.jpg\" alt=\"Annika und Ingo Peters: Die beiden lernten sich 2018 kennen.\" title=\"Annika und Ingo Peters: Die beiden lernten sich 2018 kennen.\" width=\"1745\" height=\"982\" class=\"bg-[url:var(--lqipURL)] bg-cover bg-center flex h-full w-full max-w-full\" decoding=\"async\"\/><img style=\"--width:32;--height:32\" loading=\"lazy\" src=\"https:\/\/www.t-online.de\/s\/paper\/_next\/static\/media\/zoom-in.f7dae02f.svg\" alt=\"Vergr\u00f6\u00dfern des Bildes\" title=\"Vergr\u00f6\u00dfern des Bildes\" class=\"block h-[calc(var(--height)_\/_16_*_1rem)] w-[calc(var(--width)_\/_16_*_1rem)] max-w-none absolute bottom-8 right-8 rounded-4 bg-snow p-8\" decoding=\"async\"\/><\/a><\/p>\n<p>Ingo Peters: Er wurde durch &#8222;Schwiegertochter gesucht&#8220; bekannt. (Quelle: IMAGO\/Nicole Kubelka)<\/p>\n<p class=\"font-bold text-18 leading-17\"><strong class=\"font-bold\">Nachdem ihn seine Ehefrau Annika verlassen hat, verliert Ingo Peters nun auch die gemeinsame Wohnung. Der RTL-Star ist verzweifelt. <\/strong><\/p>\n<p class=\"text-18 leading-17\">2013 flimmerte Ingo Peters zum ersten Mal \u00fcber die Bildschirme. In der RTL-Kuppelshow &#8222;Schwiegertochter gesucht&#8220; wollte der Rheinl\u00e4nder mithilfe von Moderatorin Vera Int-Veen die Liebe f\u00fcrs Leben finden. Das klappte aber erst f\u00fcnf Jahre sp\u00e4ter abseits der TV-Kameras.<\/p>\n<p class=\"text-18 leading-17\">Im Sommer 2018 kam er mit seiner Freundin Annika Peters zusammen. Nach gut einem Jahr gaben die beiden ihre Verlobung bekannt und heirateten schlie\u00dflich im Juni 2022. Doch kurz vor ihrem dritten Hochzeitstag gab Ingo \u00fcberraschend die Trennung von Annika bekannt.<\/p>\n<p class=\"text-18 leading-17\">&#8222;Sie hat keine Gef\u00fchle mehr f\u00fcr mich&#8220;, erkl\u00e4rte der 34-J\u00e4hrige damals bei Instagram v\u00f6llig fassungslos. Nur wenige Wochen zuvor hatten die beiden mit ihren Katzen eine neue Wohnung in Solingen bezogen und renoviert. Die wird Ingo nun auch verlieren, wie er RTL offenbarte.<\/p>\n<p class=\"text-18 leading-17\">Sein Vermieter hat ihm nach mehreren ausstehenden Mietzahlungen fristlos gek\u00fcndigt, eine neue Bleibe hat der TV-Star jedoch nicht in Aussicht. Er ist mit der Situation v\u00f6llig \u00fcberfordert, sieht die Schuld bei seiner Ex. &#8222;Annika hat das immer mit dem Arbeitsamt gemacht, hat aber vergessen, unsere Eink\u00fcnfte durch Drehs oder Social Media anzugeben&#8220;, so Ingo. Deshalb stellte das Jobcenter die Zahlungen an den Vermieter ein.<\/p>\n<p class=\"text-18 leading-17\">Eine Hoffnung hat Ingo jedoch noch, die Obdachlosigkeit abzuwenden. Vor wenigen Tagen enth\u00fcllte er bei einer Instagram-Fragerunde, dass er frisch verliebt sei. Seine neue Freundin steht nicht in der \u00d6ffentlichkeit. Ob sie schon bereit f\u00fcr das Zusammenleben mit dem &#8222;Schwiegertochter gesucht&#8220;-Star ist, wird sich nun zeigen.<\/p>\n","protected":false},"excerpt":{"rendered":"Nach Trennung von Annika &#8222;Schwiegertochter gesucht&#8220;-Star Ingo droht Obdachlosigkeit 23.08.2025 &#8211; 00:27 UhrLesedauer: 2 Min. Ingo Peters: Er&hellip;\n","protected":false},"author":2,"featured_media":365641,"comment_status":"","ping_status":"","sticky":false,"template":"","format":"standard","meta":{"footnotes":""},"categories":[1773],"tags":[29,214,30,45901,152,11891,640,45668,471,1780,215,34915,45902,2298],"class_list":{"0":"post-365640","1":"post","2":"type-post","3":"status-publish","4":"format-standard","5":"has-post-thumbnail","7":"category-serien","8":"tag-deutschland","9":"tag-entertainment","10":"tag-germany","11":"tag-ingo-peters","12":"tag-instagram","13":"tag-obdachlosigkeit","14":"tag-rtl","15":"tag-schwiegertochter-gesucht","16":"tag-serien","17":"tag-series","18":"tag-unterhaltung","19":"tag-veen","20":"tag-vera-int-veen","21":"tag-vermieter"},"share_on_mastodon":{"url":"https:\/\/pubeurope.com\/@de\/115075126864519446","error":""},"_links":{"self":[{"href":"https:\/\/www.europesays.com\/de\/wp-json\/wp\/v2\/posts\/365640","targetHints":{"allow":["GET"]}}],"collection":[{"href":"https:\/\/www.europesays.com\/de\/wp-json\/wp\/v2\/posts"}],"about":[{"href":"https:\/\/www.europesays.com\/de\/wp-json\/wp\/v2\/types\/post"}],"author":[{"embeddable":true,"href":"https:\/\/www.europesays.com\/de\/wp-json\/wp\/v2\/users\/2"}],"replies":[{"embeddable":true,"href":"https:\/\/www.europesays.com\/de\/wp-json\/wp\/v2\/comments?post=365640"}],"version-history":[{"count":0,"href":"https:\/\/www.europesays.com\/de\/wp-json\/wp\/v2\/posts\/365640\/revisions"}],"wp:featuredmedia":[{"embeddable":true,"href":"https:\/\/www.europesays.com\/de\/wp-json\/wp\/v2\/media\/365641"}],"wp:attachment":[{"href":"https:\/\/www.europesays.com\/de\/wp-json\/wp\/v2\/media?parent=365640"}],"wp:term":[{"taxonomy":"category","embeddable":true,"href":"https:\/\/www.europesays.com\/de\/wp-json\/wp\/v2\/categories?post=365640"},{"taxonomy":"post_tag","embeddable":true,"href":"https:\/\/www.europesays.com\/de\/wp-json\/wp\/v2\/tags?post=365640"}],"curies":[{"name":"wp","href":"https:\/\/api.w.org\/{rel}","templated":true}]}}