{"id":365662,"date":"2025-08-23T00:07:26","date_gmt":"2025-08-23T00:07:26","guid":{"rendered":"https:\/\/www.europesays.com\/de\/365662\/"},"modified":"2025-08-23T00:07:26","modified_gmt":"2025-08-23T00:07:26","slug":"gruene-fordern-strategischen-ausbau-von-grossbatteriespeichern-hallespektrum-de","status":"publish","type":"post","link":"https:\/\/www.europesays.com\/de\/365662\/","title":{"rendered":"Gr\u00fcne fordern strategischen Ausbau von Gro\u00dfbatteriespeichern &#8211; HalleSpektrum.de"},"content":{"rendered":"<p>\n22. August 2025\t\t<\/p>\n<p>Die Landtagsfraktion von B\u00fcndnis 90\/Die Gr\u00fcnen hat in der heutigen Landtagssitzung einen Antrag eingebracht, mit dem der Ausbau von Gro\u00dfbatteriespeichern in Sachsen-Anhalt gezielt gesteuert werden soll. Ziel ist es, Strom\u00fcbersch\u00fcsse aus Wind- und Solaranlagen besser zu nutzen und die Netze zu entlasten.<\/p>\n<p>\u201eErneuerbare Energien sind l\u00e4ngst das R\u00fcckgrat unserer Energieversorgung \u2013 doch was n\u00fctzt klimafreundlich produzierter Strom, wenn er nicht dort ankommt, wo er gebraucht wird? Speichertechnologien sind der n\u00e4chste logische Schritt der Energiewende\u201c, sagte Sebastian Striegel, energiepolitischer Sprecher der Gr\u00fcnen.<\/p>\n<p>Boom ohne Steuerung<\/p>\n<p>Nach Ansicht der Gr\u00fcnen herrscht derzeit ein Boom beim Bau von Batteriespeichern \u2013 allerdings ohne klare Koordination. \u201eWenn Speicher nur dort entstehen, wo sie den gr\u00f6\u00dften Profit versprechen, statt dort, wo sie dem Netz nutzen, drohen Engp\u00e4sse und steigende Kosten\u201c, warnte Striegel.<\/p>\n<p>Die Fraktion fordert daher, Speicher gezielt an Standorten zu errichten, an denen sie zur Netzstabilit\u00e4t beitragen. Eine strategische Steuerung solle helfen, Preisspitzen zu d\u00e4mpfen, Redispatchkosten zu senken und zus\u00e4tzliche Netzausbauten zu vermeiden.<\/p>\n<p>Gemeinwohl statt reiner Marktlogik<\/p>\n<p>\u201eWir brauchen eine Speicherlandschaft, die nicht ausschlie\u00dflich der Logik des Marktes, sondern dem Gemeinwohl folgt\u201c, betonte Striegel. Dazu geh\u00f6re eine verl\u00e4ssliche Planung, intelligente Standortwahl und der Abbau b\u00fcrokratischer H\u00fcrden f\u00fcr Investitionen.<\/p>\n<p>Die Gr\u00fcnen sehen in der Speicherinfrastruktur nicht nur ein energiepolitisches, sondern auch ein wirtschaftliches Schl\u00fcsselprojekt f\u00fcr Sachsen-Anhalt. Mit einer vorausschauenden Strategie k\u00f6nne das Land Vorreiter einer dezentralen und sicheren Energiezukunft werden.<\/p>\n","protected":false},"excerpt":{"rendered":"22. August 2025 Die Landtagsfraktion von B\u00fcndnis 90\/Die Gr\u00fcnen hat in der heutigen Landtagssitzung einen Antrag eingebracht, mit&hellip;\n","protected":false},"author":2,"featured_media":365663,"comment_status":"","ping_status":"","sticky":false,"template":"","format":"standard","meta":{"footnotes":""},"categories":[1860],"tags":[34912,3364,29,1520,548,663,3934,30,2013,4062,17332,13,14,15,17331,860,12],"class_list":{"0":"post-365662","1":"post","2":"type-post","3":"status-publish","4":"format-standard","5":"has-post-thumbnail","7":"category-halle-saale","8":"tag-batteriespeicher","9":"tag-de","10":"tag-deutschland","11":"tag-energiewende","12":"tag-eu","13":"tag-europa","14":"tag-europe","15":"tag-germany","16":"tag-gruene","17":"tag-halle","18":"tag-halle-saale","19":"tag-headlines","20":"tag-nachrichten","21":"tag-news","22":"tag-saale","23":"tag-sachsen-anhalt","24":"tag-schlagzeilen"},"share_on_mastodon":{"url":"https:\/\/pubeurope.com\/@de\/115075170209062249","error":""},"_links":{"self":[{"href":"https:\/\/www.europesays.com\/de\/wp-json\/wp\/v2\/posts\/365662","targetHints":{"allow":["GET"]}}],"collection":[{"href":"https:\/\/www.europesays.com\/de\/wp-json\/wp\/v2\/posts"}],"about":[{"href":"https:\/\/www.europesays.com\/de\/wp-json\/wp\/v2\/types\/post"}],"author":[{"embeddable":true,"href":"https:\/\/www.europesays.com\/de\/wp-json\/wp\/v2\/users\/2"}],"replies":[{"embeddable":true,"href":"https:\/\/www.europesays.com\/de\/wp-json\/wp\/v2\/comments?post=365662"}],"version-history":[{"count":0,"href":"https:\/\/www.europesays.com\/de\/wp-json\/wp\/v2\/posts\/365662\/revisions"}],"wp:featuredmedia":[{"embeddable":true,"href":"https:\/\/www.europesays.com\/de\/wp-json\/wp\/v2\/media\/365663"}],"wp:attachment":[{"href":"https:\/\/www.europesays.com\/de\/wp-json\/wp\/v2\/media?parent=365662"}],"wp:term":[{"taxonomy":"category","embeddable":true,"href":"https:\/\/www.europesays.com\/de\/wp-json\/wp\/v2\/categories?post=365662"},{"taxonomy":"post_tag","embeddable":true,"href":"https:\/\/www.europesays.com\/de\/wp-json\/wp\/v2\/tags?post=365662"}],"curies":[{"name":"wp","href":"https:\/\/api.w.org\/{rel}","templated":true}]}}