{"id":365721,"date":"2025-08-23T00:39:21","date_gmt":"2025-08-23T00:39:21","guid":{"rendered":"https:\/\/www.europesays.com\/de\/365721\/"},"modified":"2025-08-23T00:39:21","modified_gmt":"2025-08-23T00:39:21","slug":"mitmachen-im-inklusiven-theater-lokalklick-eu","status":"publish","type":"post","link":"https:\/\/www.europesays.com\/de\/365721\/","title":{"rendered":"Mitmachen im inklusiven Theater &#8211; LokalKlick.eu"},"content":{"rendered":"<p>            <a href=\"https:\/\/lokalklick.eu\/wp-content\/uploads\/2025\/08\/DU_LH-Duisburg-Foto-inklusives-Theater.jpg\" data-caption=\"(Foto: Lebenshilfe)\" rel=\"nofollow noopener\" target=\"_blank\"><img loading=\"lazy\" decoding=\"async\" width=\"696\" height=\"434\" class=\"entry-thumb td-modal-image\" src=\"https:\/\/www.europesays.com\/de\/wp-content\/uploads\/2025\/08\/DU_LH-Duisburg-Foto-inklusives-Theater-696x434.jpg\"   alt=\"\" title=\"DU_LH Duisburg Foto inklusives Theater\"\/><\/a>(Foto: Lebenshilfe)<br \/>\n            Anzeigen<a href=\"https:\/\/www.mheg-containershop.de\/\" target=\"_blank\" rel=\"nofollow noopener\"><img decoding=\"async\" src=\"https:\/\/www.europesays.com\/de\/wp-content\/uploads\/2025\/04\/MH_Anzeige_Container_1456x180.jpg\"\/><\/a><\/p>\n<p>\n<a href=\"https:\/\/www.rugana.de\/de\/Mecklenburg-Vorpommern\/Insel.Ruegen\/D41\" target=\"_blank\" rel=\"nofollow noopener\"><img decoding=\"async\" src=\"https:\/\/www.europesays.com\/de\/wp-content\/uploads\/2025\/04\/FeWo-Dranske-2-1456.jpg\"\/><\/a><\/p>\n<p><\/p>\n<p><strong>Duisburg. <\/strong>Die inklusive Theatergruppe Aihasissi der Lebenshilfe Duisburg \u00f6ffnet ihre B\u00fchne f\u00fcr neue Gesichter und l\u00e4dt Erwachsene zwischen 16 und 70 Jahren herzlich ein, mitzumachen. Gesucht werden mindestens f\u00fcnf Ehrenamtliche, die Lust darauf haben, gemeinsam mit Menschen mit Behinderung ein Theaterst\u00fcck zu entwickeln \u2013 von der ersten Idee bis zur Auff\u00fchrung. Neben kreativen Rollen auf der B\u00fchne gibt es auch die M\u00f6glichkeit, als ehrenamtliche Regieassistenz hinter den Kulissen mitzuwirken. Geleitet wird die Gruppe von einem professionellen Schauspieler und Regisseur.<\/p>\n<p>Vorkenntnisse sind nicht n\u00f6tig. Wichtiger sind Offenheit, Verl\u00e4sslichkeit und Freude an der Zusammenarbeit in einem inklusiven Team. Die Proben finden montags von 18 bis 20 Uhr in der Wohnst\u00e4tte 2 der LebensR\u00e4ume Duisburg (Wanheimer Stra\u00dfe 155, Duisburg-Hochfeld) statt.<\/p>\n<p>Ansprechpartnerin f\u00fcr Interessierte ist Margit Zink, die Ehrenamtskoordinatorin der Lebenshilfe Duisburg, unter Tel. 0176 \/ 66556852 oder E-Mail: <a href=\"https:\/\/lokalklick.eu\/2025\/08\/23\/mitmachen-im-inklusiven-theater\/mailto:m.zink@lebenshilfe-duisburg.de\" target=\"_blank\" rel=\"noopener noreferrer nofollow\">m.zink@lebenshilfe-duisburg.de<\/a>.<\/p>\n<p>\u00a0<\/p>\n<p><strong>\u00dcber die Lebenshilfe Duisburg<\/strong><\/p>\n<p>Die Lebenshilfe Duisburg wurde 1962 aus einer Elterninitiative herausgegr\u00fcndet und organisiert seitdem vielf\u00e4ltige Dienstleistungen und therapeutische Angebote f\u00fcr Kinder, Jugendliche sowie Erwachsene mit und ohne Behinderungen. Die Leistungen orientieren sich dabei an dem Bedarf des jeweiligen Menschen. Mit den Angeboten sollen die Menschen in die Lage versetzt werden, ein m\u00f6glichst selbstbestimmtes Leben f\u00fchren zu k\u00f6nnen.<\/p>\n","protected":false},"excerpt":{"rendered":"(Foto: Lebenshilfe) Anzeigen Duisburg. Die inklusive Theatergruppe Aihasissi der Lebenshilfe Duisburg \u00f6ffnet ihre B\u00fchne f\u00fcr neue Gesichter und&hellip;\n","protected":false},"author":2,"featured_media":365722,"comment_status":"","ping_status":"","sticky":false,"template":"","format":"standard","meta":{"footnotes":""},"categories":[1838],"tags":[3364,29,3715,30,1209],"class_list":{"0":"post-365721","1":"post","2":"type-post","3":"status-publish","4":"format-standard","5":"has-post-thumbnail","7":"category-duisburg","8":"tag-de","9":"tag-deutschland","10":"tag-duisburg","11":"tag-germany","12":"tag-nordrhein-westfalen"},"share_on_mastodon":{"url":"https:\/\/pubeurope.com\/@de\/115075296639030502","error":""},"_links":{"self":[{"href":"https:\/\/www.europesays.com\/de\/wp-json\/wp\/v2\/posts\/365721","targetHints":{"allow":["GET"]}}],"collection":[{"href":"https:\/\/www.europesays.com\/de\/wp-json\/wp\/v2\/posts"}],"about":[{"href":"https:\/\/www.europesays.com\/de\/wp-json\/wp\/v2\/types\/post"}],"author":[{"embeddable":true,"href":"https:\/\/www.europesays.com\/de\/wp-json\/wp\/v2\/users\/2"}],"replies":[{"embeddable":true,"href":"https:\/\/www.europesays.com\/de\/wp-json\/wp\/v2\/comments?post=365721"}],"version-history":[{"count":0,"href":"https:\/\/www.europesays.com\/de\/wp-json\/wp\/v2\/posts\/365721\/revisions"}],"wp:featuredmedia":[{"embeddable":true,"href":"https:\/\/www.europesays.com\/de\/wp-json\/wp\/v2\/media\/365722"}],"wp:attachment":[{"href":"https:\/\/www.europesays.com\/de\/wp-json\/wp\/v2\/media?parent=365721"}],"wp:term":[{"taxonomy":"category","embeddable":true,"href":"https:\/\/www.europesays.com\/de\/wp-json\/wp\/v2\/categories?post=365721"},{"taxonomy":"post_tag","embeddable":true,"href":"https:\/\/www.europesays.com\/de\/wp-json\/wp\/v2\/tags?post=365721"}],"curies":[{"name":"wp","href":"https:\/\/api.w.org\/{rel}","templated":true}]}}