{"id":365788,"date":"2025-08-23T01:16:11","date_gmt":"2025-08-23T01:16:11","guid":{"rendered":"https:\/\/www.europesays.com\/de\/365788\/"},"modified":"2025-08-23T01:16:11","modified_gmt":"2025-08-23T01:16:11","slug":"diese-gaeste-sind-am-24-august-2025-im-discofox-fieber-fernsehserien-de","status":"publish","type":"post","link":"https:\/\/www.europesays.com\/de\/365788\/","title":{"rendered":"Diese G\u00e4ste sind am 24. August 2025 im Discofox-Fieber \u2013 fernsehserien.de"},"content":{"rendered":"<p>Die aktuelle Saison des <a href=\"https:\/\/www.fernsehserien.de\/zdf-fernsehgarten\" data-type=\"sendung\" data-event-category=\"textlink-serie\" rel=\"nofollow noopener\" target=\"_blank\">\u201eZDF-Fernsehgarten\u201c<\/a> ist nach wie vor im vollen Gange. Auch kommenden Sonntag, <strong>den 24. August<\/strong> meldet sich <a href=\"https:\/\/www.fernsehserien.de\/andrea-kiewel\/filmografie\" data-type=\"person\" data-event-category=\"textlink-person\" rel=\"nofollow noopener\" target=\"_blank\">Andrea Kiewel<\/a> wieder p\u00fcnktlich ab 12\u00a0Uhr vom Mainzer Lerchenberg zur Stelle. Wie immer d\u00fcrfen sich die Zuschauer auf die bew\u00e4hrte Mischung aus Musik, Tanz, Artistik, Spielen, Service-Tipps, Rekordversuchen und spektakul\u00e4ren Aktionen freuen. Zum zweiten Mal in dieser Staffel steigt der \u201eDiscofox\u201c-Fernsehgarten.<\/p>\n<p>Zusammen mit den beiden <a href=\"https:\/\/www.fernsehserien.de\/heute-show\" data-type=\"sendung\" data-event-category=\"textlink-serie\" rel=\"nofollow noopener\" target=\"_blank\">\u201eheute-show\u201c<\/a>-Reportern <a href=\"https:\/\/www.fernsehserien.de\/lutz-van-der-horst\/filmografie\" data-type=\"person\" data-event-category=\"textlink-person\" rel=\"nofollow noopener\" target=\"_blank\">Lutz van der Horst<\/a> und <a href=\"https:\/\/www.fernsehserien.de\/fabian-koester\/filmografie\" data-type=\"person\" data-event-category=\"textlink-person\" rel=\"nofollow noopener\" target=\"_blank\">Fabian K\u00f6ster<\/a> begr\u00fc\u00dft Andrea Kiewel zahlreiche Schlager-Acts, die f\u00fcr den passenden Sound sorgen: <a href=\"https:\/\/www.fernsehserien.de\/anna-carina-woitschack\/filmografie\" data-type=\"person\" data-event-category=\"textlink-person\" rel=\"nofollow noopener\" target=\"_blank\">Anna-Carina Woitschack<\/a> feiert die Ver\u00f6ffentlichung ihres neuen Albums \u201eAbenteuerlust\u201c und pr\u00e4sentiert mit <a href=\"https:\/\/www.fernsehserien.de\/jay-khan\/filmografie\" data-type=\"person\" data-event-category=\"textlink-person\" rel=\"nofollow noopener\" target=\"_blank\">Jay Khan<\/a> das Duett \u201eSie, du &amp; ich\u201c, das zu einem viralen Hit wurde. Erstmals als Duo treten au\u00dferdem die befreundeten S\u00e4ngerinnen <a href=\"https:\/\/www.fernsehserien.de\/linda-hesse\/filmografie\" data-type=\"person\" data-event-category=\"textlink-person\" rel=\"nofollow noopener\" target=\"_blank\">Linda Hesse<\/a> und <a href=\"https:\/\/www.fernsehserien.de\/julia-lindholm\/filmografie\" data-type=\"person\" data-event-category=\"textlink-person\" rel=\"nofollow noopener\" target=\"_blank\">Julia Lindholm<\/a> auf. Als 2theMoonbeats lassen sie den <a href=\"https:\/\/www.fernsehserien.de\/baccara\/filmografie\" data-type=\"person\" data-event-category=\"textlink-person\" rel=\"nofollow noopener\" target=\"_blank\">Baccara<\/a>-Klassiker \u201eYes Sir, I Can Boogie\u201c neu aufleben.<\/p>\n<p><a class=\"stoerer-serienlogo\" title=\"ZDF-Fernsehgarten\" data-event-category=\"st\u00f6rer-grafik\" href=\"https:\/\/www.fernsehserien.de\/zdf-fernsehgarten\" rel=\"nofollow noopener\" target=\"_blank\"><\/a>Erhalte News zu <a data-event-category=\"st\u00f6rer-textlink\" href=\"https:\/\/www.fernsehserien.de\/zdf-fernsehgarten\" rel=\"nofollow noopener\" target=\"_blank\"><b>ZDF-Fernsehgarten<\/b><\/a> direkt auf dein Handy. Kostenlos per App-Benachrichtigung. Kostenlos mit der <b>fernsehserien.de<\/b> App. <img decoding=\"async\" src=\"https:\/\/bilder.fernsehserien.de\/fernsehserien.de\/fs-2021\/img\/bell-solid.svg\" alt=\"Meinen Serien hinzuf\u00fcgen\" title=\"Meinen Serien hinzuf\u00fcgen\" width=\"1\" height=\"1\" loading=\"eager\" fetchpriority=\"high\"\/>Benachrichtige mich  <a class=\"stoerer-serienlogo\" title=\"ZDF-Fernsehgarten\" data-event-category=\"st\u00f6rer-grafik\" href=\"https:\/\/www.fernsehserien.de\/zdf-fernsehgarten\" rel=\"nofollow noopener\" target=\"_blank\"><\/a>Alle Neuigkeiten zu <a data-event-category=\"st\u00f6rer-textlink\" href=\"https:\/\/www.fernsehserien.de\/zdf-fernsehgarten\" rel=\"nofollow noopener\" target=\"_blank\"><b>ZDF-Fernsehgarten<\/b><\/a> und weiteren Serien deiner Liste findest du in deinem pers\u00f6nlichen Feed. <\/p>\n<p><a href=\"https:\/\/www.fernsehserien.de\/claudia-jung\/filmografie\" data-type=\"person\" data-event-category=\"textlink-person\" rel=\"nofollow noopener\" target=\"_blank\">Claudia Jung<\/a> wiederum pr\u00e4sentiert ihren Song \u201eLass uns noch einmal l\u00fcgen\u201c in einem frischen Gewand, produziert von <a href=\"https:\/\/www.fernsehserien.de\/dj-herzbeat\/filmografie\" data-type=\"person\" data-event-category=\"textlink-person\" rel=\"nofollow noopener\" target=\"_blank\">DJ Herzbeat<\/a>. Ebenfalls auf der musikalischen G\u00e4steliste stehen\u00a0<a href=\"https:\/\/www.fernsehserien.de\/ross-antony\/filmografie\" data-type=\"person\" data-event-category=\"textlink-person\" rel=\"nofollow noopener\" target=\"_blank\">Ross Antony<\/a>, <a href=\"https:\/\/www.fernsehserien.de\/norman-langen\/filmografie\" data-type=\"person\" data-event-category=\"textlink-person\" rel=\"nofollow noopener\" target=\"_blank\">Norman Langen<\/a>, <a href=\"https:\/\/www.fernsehserien.de\/bernhard-brink\/filmografie\" data-type=\"person\" data-event-category=\"textlink-person\" rel=\"nofollow noopener\" target=\"_blank\">Bernhard Brink<\/a>, <a href=\"https:\/\/www.fernsehserien.de\/olaf-berger\/filmografie\" data-type=\"person\" data-event-category=\"textlink-person\" rel=\"nofollow noopener\" target=\"_blank\">Olaf Berger<\/a>, <a href=\"https:\/\/www.fernsehserien.de\/tanja-lasch\/filmografie\" data-type=\"person\" data-event-category=\"textlink-person\" rel=\"nofollow noopener\" target=\"_blank\">Tanja Lasch<\/a>, <a href=\"https:\/\/www.fernsehserien.de\/michael-morgan-4\/filmografie\" data-type=\"person\" data-event-category=\"textlink-person\" rel=\"nofollow noopener\" target=\"_blank\">Michael Morgan<\/a>, <a href=\"https:\/\/www.fernsehserien.de\/tabi\/filmografie\" data-type=\"person\" data-event-category=\"textlink-person\" rel=\"nofollow noopener\" target=\"_blank\">TABI<\/a> und <a href=\"https:\/\/www.fernsehserien.de\/die-amigos\/filmografie\" data-type=\"person\" data-event-category=\"textlink-person\" rel=\"nofollow noopener\" target=\"_blank\">Die Amigos<\/a>. Zwischen den Auftritten wird es als weitere Programmpunkte eine spannende Ged\u00e4chtnisaktion, Vintage Cakes und Promis beim T\u00f6pfern geben.<\/p>\n<p>F\u00fcr die darauffolgende Ausgabe <strong>am 31. August<\/strong> ist eine \u201eFernsehgarten\u201c-Zeitreise angek\u00fcndigt. Mit dabei sind unter anderem das legend\u00e4re NDW-Duo <a href=\"https:\/\/www.fernsehserien.de\/paso-doble\/filmografie\" data-type=\"person\" data-event-category=\"textlink-person\" rel=\"nofollow noopener\" target=\"_blank\">Paso Doble<\/a>, die Schlagers\u00e4ngerin <a href=\"https:\/\/www.fernsehserien.de\/francine-jordi\/filmografie\" data-type=\"person\" data-event-category=\"textlink-person\" rel=\"nofollow noopener\" target=\"_blank\">Francine Jordi<\/a>, das Duo Matt &amp; Sem sowie das britische Trio <a href=\"https:\/\/www.fernsehserien.de\/frontm3n\/filmografie\" data-type=\"person\" data-event-category=\"textlink-person\" rel=\"nofollow noopener\" target=\"_blank\">Frontm3n<\/a>, bestehend aus drei Fronts\u00e4ngern unvergessener Bands: Peter Howarth (<a href=\"https:\/\/www.fernsehserien.de\/the-hollies\/filmografie\" data-type=\"person\" data-event-category=\"textlink-person\" rel=\"nofollow noopener\" target=\"_blank\">The Hollies<\/a>), Pete Lincoln (<a href=\"https:\/\/www.fernsehserien.de\/sailor\/filmografie\" data-type=\"person\" data-event-category=\"textlink-person\" rel=\"nofollow noopener\" target=\"_blank\">Sailor<\/a> und <a href=\"https:\/\/www.fernsehserien.de\/the-sweet\/filmografie\" data-type=\"person\" data-event-category=\"textlink-person\" rel=\"nofollow noopener\" target=\"_blank\">The Sweet<\/a>) und Mick Wilson (<a href=\"https:\/\/www.fernsehserien.de\/10cc\/filmografie\" data-type=\"person\" data-event-category=\"textlink-person\" rel=\"nofollow noopener\" target=\"_blank\">10CC<\/a>).<\/p>\n<p>Auch nach inzwischen vier Jahrzehnten erfreut sich die w\u00f6chentliche Live-Sendung mit Andrea Kiewel und ihrem abwechslungsreichen Showprogramm immer noch gro\u00dfer Beliebtheit und beschert dem ZDF tolle Einschaltquoten. Die j\u00fcngste Ausgabe zum Motto \u201eMiami Vibes\u201c sahen am vergangenen Sonntag 1,66 Millionen Menschen, die f\u00fcr 18,3 Prozent Marktanteil sorgten. Noch gefragter war \u201eDie gro\u00dfe Schlagerparty\u201c am 10. August, die 1,74 Millionen Zuschauer bei 21,4 Prozent verfolgten.<\/p>\n","protected":false},"excerpt":{"rendered":"Die aktuelle Saison des \u201eZDF-Fernsehgarten\u201c ist nach wie vor im vollen Gange. Auch kommenden Sonntag, den 24. August&hellip;\n","protected":false},"author":2,"featured_media":365789,"comment_status":"","ping_status":"","sticky":false,"template":"","format":"standard","meta":{"footnotes":""},"categories":[1773],"tags":[29,214,2617,30,15,471,1780,2618,215],"class_list":{"0":"post-365788","1":"post","2":"type-post","3":"status-publish","4":"format-standard","5":"has-post-thumbnail","7":"category-serien","8":"tag-deutschland","9":"tag-entertainment","10":"tag-fernsehserien","11":"tag-germany","12":"tag-news","13":"tag-serien","14":"tag-series","15":"tag-tv-serien","16":"tag-unterhaltung"},"share_on_mastodon":{"url":"https:\/\/pubeurope.com\/@de\/115075441193591436","error":""},"_links":{"self":[{"href":"https:\/\/www.europesays.com\/de\/wp-json\/wp\/v2\/posts\/365788","targetHints":{"allow":["GET"]}}],"collection":[{"href":"https:\/\/www.europesays.com\/de\/wp-json\/wp\/v2\/posts"}],"about":[{"href":"https:\/\/www.europesays.com\/de\/wp-json\/wp\/v2\/types\/post"}],"author":[{"embeddable":true,"href":"https:\/\/www.europesays.com\/de\/wp-json\/wp\/v2\/users\/2"}],"replies":[{"embeddable":true,"href":"https:\/\/www.europesays.com\/de\/wp-json\/wp\/v2\/comments?post=365788"}],"version-history":[{"count":0,"href":"https:\/\/www.europesays.com\/de\/wp-json\/wp\/v2\/posts\/365788\/revisions"}],"wp:featuredmedia":[{"embeddable":true,"href":"https:\/\/www.europesays.com\/de\/wp-json\/wp\/v2\/media\/365789"}],"wp:attachment":[{"href":"https:\/\/www.europesays.com\/de\/wp-json\/wp\/v2\/media?parent=365788"}],"wp:term":[{"taxonomy":"category","embeddable":true,"href":"https:\/\/www.europesays.com\/de\/wp-json\/wp\/v2\/categories?post=365788"},{"taxonomy":"post_tag","embeddable":true,"href":"https:\/\/www.europesays.com\/de\/wp-json\/wp\/v2\/tags?post=365788"}],"curies":[{"name":"wp","href":"https:\/\/api.w.org\/{rel}","templated":true}]}}