{"id":365806,"date":"2025-08-23T01:26:13","date_gmt":"2025-08-23T01:26:13","guid":{"rendered":"https:\/\/www.europesays.com\/de\/365806\/"},"modified":"2025-08-23T01:26:13","modified_gmt":"2025-08-23T01:26:13","slug":"perfider-antisemitismus-prosor-und-weimer-kritisieren-szene","status":"publish","type":"post","link":"https:\/\/www.europesays.com\/de\/365806\/","title":{"rendered":"&#8222;Perfider Antisemitismus&#8220;: Prosor und Weimer kritisieren Szene"},"content":{"rendered":"<p class=\"metatextline\">Stand: 22.08.2025 17:44 Uhr<\/p>\n<p class=\"textabsatz columns twelve  m-ten  m-offset-one l-eight l-offset-two\">\n        <strong>Ob in Clubs oder vor der Kamera: J\u00fcdische Kulturschaffende w\u00fcrden zunehmend angefeindet, kritisiert Israels Botschafter Prosor. Der Kulturstaatsminister pflichtet ihm bei &#8211; und sieht die Kunstfreiheit in Gefahr.<\/strong>\n    <\/p>\n<p class=\"textabsatz m-ten m-offset-one l-eight l-offset-two columns twelve\">\nKulturstaatsminister Wolfram Weimer (parteilos) und der israelische Botschafter in Deutschland, Ron Prosor, haben eine wachsende Ausgrenzung j\u00fcdischer K\u00fcnstlerinnen und K\u00fcnstler kritisiert.\u00a0&#8222;Wir erleben eine neue Form der Stigmatisierung und eine Einschr\u00e4nkung der Kunstfreiheit&#8220;, wird Weimer laut einer Mitteilung zitiert. &#8222;Das ist unertr\u00e4glich und widerspricht den Grundwerten der Bundesrepublik Deutschland.&#8220; Wer Menschen wegen ihrer Herkunft, ihres Glaubens oder ihrer j\u00fcdischen Identit\u00e4t von den B\u00fchnen ausschlie\u00dfe, untergrabe die Integrit\u00e4t der Bundesrepublik.<\/p>\n<p class=\"textabsatz m-ten m-offset-one l-eight l-offset-two columns twelve\">\n&#8222;Es handelt sich um eine besonders perfide Form des gegenw\u00e4rtigen Antisemitismus&#8220;, sagte Weimer.\u00a0Botschafter Prosor und er machten den Angaben zufolge bei einem Gespr\u00e4ch in Berlin darauf aufmerksam, dass israelische und j\u00fcdische K\u00fcnstlerinnen und K\u00fcnstler zunehmend von Anfeindungen, Ausladungen und Boykottaufrufen berichteten. So werden laut Prosor Musikern Auftritte verwehrt, auch Schauspieler, Regisseure und Kreative in der Club-Szene w\u00fcrden systematisch weniger gebucht.\u00a0<\/p>\n<p>    &#8222;Wer Israel nicht offen d\u00e4monisiert, wird Opfer des stillen Boykotts&#8220;<\/p>\n<p class=\"textabsatz m-ten m-offset-one l-eight l-offset-two columns twelve\">\n&#8222;Wir sp\u00fcren wachsende Aggressionen und eine schleichende Ausgrenzung&#8220;, wird Israels Botschafter zitiert. Als weiteres Beispiel nannte er Bedrohungen und <a href=\"https:\/\/www.tagesschau.de\/inland\/gesellschaft\/esc-bilanz-israel-100.html\" title=\"Kritik an Protesten gegen israelischen Beitrag beim ESC-Finale\" target=\"_blank\" rel=\"noopener\">Anfeindungen gegen\u00fcber der israelischen Eurovision-Song-Contest-Teilnehmerin<\/a> Yuval Raphael bei dem Wettbewerb im Mai in Basel. &#8222;Mit vereinten Kr\u00e4ften wollen wir dem Israel- und Judenhass in der Kunst- und Kulturszene die Stirn bieten. Denn wer israelischen K\u00fcnstlern die B\u00fchne nimmt, greift die Freiheit der Kunst insgesamt an&#8220;, so Prosor. Er dankte Weimer f\u00fcr &#8222;sein R\u00fcckgrat, seine klaren Worte und seinen entschlossenen Willen zum Handeln&#8220;.<\/p>\n<p class=\"textabsatz m-ten m-offset-one l-eight l-offset-two columns twelve\">\nDer Antisemitismus habe &#8222;das Kost\u00fcm gewechselt&#8220;, meinte er. &#8222;Die judenfeindlichen Parolen von gestern sind der Israel-Hass von heute. Wer Israel nicht offen d\u00e4monisiert, wird Opfer des stillen Boykotts und erh\u00e4lt immer weniger Einladungen&#8220;, so Prosor. In ganz Europa werde es israelischen K\u00fcnstlern seit dem \u00dcberfall der Hamas auf Israel am 7. Oktober 2023 schwer gemacht, \u00f6ffentlich aufzutreten.<\/p>\n<p class=\"textabsatz m-ten m-offset-one l-eight l-offset-two columns twelve\">\nWeimer hatte zu <a href=\"https:\/\/www.tagesschau.de\/inland\/innenpolitik\/kulturstaatsminister-wolfram-weimer-100.html\" title=\"Wolfram Weimer soll die Kulturpolitik leiten - ein Interessenkonflikt?\" target=\"_blank\" rel=\"noopener\">Amtsantritt als Beauftragter der Bundesregierung f\u00fcr Kultur und Medien (BKM)<\/a> im Fr\u00fchjahr die Bek\u00e4mpfung von Antisemitismus als Thema gesetzt. &#8222;Ich m\u00f6chte gleich an meinem ersten Tag ein Zeichen setzen, dass die in Schieflage geratene Beziehung des BKM zur j\u00fcdischen Community wiederhergestellt wird und ein konfliktreiches Kapitel der deutschen Kulturpolitik ein Ende findet&#8220;, sagte Weimer im Mai. Er hatte sich dazu auch mit dem Pr\u00e4sidenten des Zentralrats der Juden, Josef Schuster, getroffen.\u00a0<\/p>\n<p class=\"textabsatz m-ten m-offset-one l-eight l-offset-two columns twelve\">\nDie Bundesregierung hat laut Mitteilung in den aktuellen Haushaltsberatungen unter anderem den Etat f\u00fcr das J\u00fcdische Museum in Berlin auf rund 24 Millionen Euro erh\u00f6ht, um &#8222;j\u00fcdisches Leben und die Erinnerungskultur in Deutschland sichtbar zu st\u00e4rken&#8220;.<\/p>\n","protected":false},"excerpt":{"rendered":"Stand: 22.08.2025 17:44 Uhr Ob in Clubs oder vor der Kamera: J\u00fcdische Kulturschaffende w\u00fcrden zunehmend angefeindet, kritisiert Israels&hellip;\n","protected":false},"author":2,"featured_media":365807,"comment_status":"","ping_status":"","sticky":false,"template":"","format":"standard","meta":{"footnotes":""},"categories":[2],"tags":[712,29,30,13,80,14,15,100222,12,10,8,9,11,37719],"class_list":{"0":"post-365806","1":"post","2":"type-post","3":"status-publish","4":"format-standard","5":"has-post-thumbnail","7":"category-deutschland","8":"tag-antisemitismus","9":"tag-deutschland","10":"tag-germany","11":"tag-headlines","12":"tag-kultur","13":"tag-nachrichten","14":"tag-news","15":"tag-prosor","16":"tag-schlagzeilen","17":"tag-top-news","18":"tag-top-meldungen","19":"tag-topmeldungen","20":"tag-topnews","21":"tag-weimer"},"share_on_mastodon":{"url":"https:\/\/pubeurope.com\/@de\/115075480703677757","error":""},"_links":{"self":[{"href":"https:\/\/www.europesays.com\/de\/wp-json\/wp\/v2\/posts\/365806","targetHints":{"allow":["GET"]}}],"collection":[{"href":"https:\/\/www.europesays.com\/de\/wp-json\/wp\/v2\/posts"}],"about":[{"href":"https:\/\/www.europesays.com\/de\/wp-json\/wp\/v2\/types\/post"}],"author":[{"embeddable":true,"href":"https:\/\/www.europesays.com\/de\/wp-json\/wp\/v2\/users\/2"}],"replies":[{"embeddable":true,"href":"https:\/\/www.europesays.com\/de\/wp-json\/wp\/v2\/comments?post=365806"}],"version-history":[{"count":0,"href":"https:\/\/www.europesays.com\/de\/wp-json\/wp\/v2\/posts\/365806\/revisions"}],"wp:featuredmedia":[{"embeddable":true,"href":"https:\/\/www.europesays.com\/de\/wp-json\/wp\/v2\/media\/365807"}],"wp:attachment":[{"href":"https:\/\/www.europesays.com\/de\/wp-json\/wp\/v2\/media?parent=365806"}],"wp:term":[{"taxonomy":"category","embeddable":true,"href":"https:\/\/www.europesays.com\/de\/wp-json\/wp\/v2\/categories?post=365806"},{"taxonomy":"post_tag","embeddable":true,"href":"https:\/\/www.europesays.com\/de\/wp-json\/wp\/v2\/tags?post=365806"}],"curies":[{"name":"wp","href":"https:\/\/api.w.org\/{rel}","templated":true}]}}