{"id":365921,"date":"2025-08-23T02:27:11","date_gmt":"2025-08-23T02:27:11","guid":{"rendered":"https:\/\/www.europesays.com\/de\/365921\/"},"modified":"2025-08-23T02:27:11","modified_gmt":"2025-08-23T02:27:11","slug":"wo-der-sommer-in-hamburg-am-schoensten-ist-2","status":"publish","type":"post","link":"https:\/\/www.europesays.com\/de\/365921\/","title":{"rendered":"Wo der Sommer in Hamburg am sch\u00f6nsten ist"},"content":{"rendered":"<p>In Hamburg ist immer Sommer. Egal wie das Wetter ist. Hamburgerinnen und Hamburger schert das nicht. Rund um den Michel zeigt die Lieblingspl\u00e4tze und vielleicht auch den einen oder anderen Geheimtipp, wo sich der Sommer in der Gro\u00dfstadt herrlich erleben l\u00e4sst \u2013 egal bei welchem Wetter. Ein paar Unerschrockene zieht es zum Segeln auf die Alster. 24 Stunden lang. Bei Regen, Sonne und Dunkelheit. Nach jeder Segelrunde muss die H\u00e4lfte der Crew bei der Regattabasis ausgetauscht werden. Sieger ist, wer nach 24 Stunden die l\u00e4ngste Strecke zur\u00fcckgelegt hat.Karibisch-S\u00fcdamerikanische Rhythmen sind auch was f\u00fcr Norddeutsche. Liebhaber von Salsa und Bacchata zieht es am Wochenende in den frisch renovierten Teepavillion in den Wallanlagen. Und selbst wer lieber zu Hause auf seinem Balkon bleibt, kann sich mit Hilfe der Balkonberaterin Petra Weinstein ein kleines Sommerblumenparadies schaffen. <\/p>\n","protected":false},"excerpt":{"rendered":"In Hamburg ist immer Sommer. Egal wie das Wetter ist. Hamburgerinnen und Hamburger schert das nicht. Rund um&hellip;\n","protected":false},"author":2,"featured_media":365922,"comment_status":"","ping_status":"","sticky":false,"template":"","format":"standard","meta":{"footnotes":""},"categories":[1826],"tags":[100239,9515,100237,29,100238,30,100236,100232,692,100234,100241,100233,100230,11510,100235,9768,100231,100240,2778],"class_list":{"0":"post-365921","1":"post","2":"type-post","3":"status-publish","4":"format-standard","5":"has-post-thumbnail","7":"category-hamburg","8":"tag-alsterregatta","9":"tag-ausflugstipps","10":"tag-balkonberatung","11":"tag-deutschland","12":"tag-eiswuerfel","13":"tag-germany","14":"tag-grillwiesen","15":"tag-gut-wulksfelde","16":"tag-hamburg","17":"tag-kajatour","18":"tag-leinen","19":"tag-oekotourismus","20":"tag-praesident-freiherr-von-maltzahn","21":"tag-segeltoern","22":"tag-suederelbe","23":"tag-tanzen","24":"tag-teepavillon","25":"tag-veringkanal","26":"tag-wilhelmsburg"},"share_on_mastodon":{"url":"https:\/\/pubeurope.com\/@de\/115075720508250826","error":""},"_links":{"self":[{"href":"https:\/\/www.europesays.com\/de\/wp-json\/wp\/v2\/posts\/365921","targetHints":{"allow":["GET"]}}],"collection":[{"href":"https:\/\/www.europesays.com\/de\/wp-json\/wp\/v2\/posts"}],"about":[{"href":"https:\/\/www.europesays.com\/de\/wp-json\/wp\/v2\/types\/post"}],"author":[{"embeddable":true,"href":"https:\/\/www.europesays.com\/de\/wp-json\/wp\/v2\/users\/2"}],"replies":[{"embeddable":true,"href":"https:\/\/www.europesays.com\/de\/wp-json\/wp\/v2\/comments?post=365921"}],"version-history":[{"count":0,"href":"https:\/\/www.europesays.com\/de\/wp-json\/wp\/v2\/posts\/365921\/revisions"}],"wp:featuredmedia":[{"embeddable":true,"href":"https:\/\/www.europesays.com\/de\/wp-json\/wp\/v2\/media\/365922"}],"wp:attachment":[{"href":"https:\/\/www.europesays.com\/de\/wp-json\/wp\/v2\/media?parent=365921"}],"wp:term":[{"taxonomy":"category","embeddable":true,"href":"https:\/\/www.europesays.com\/de\/wp-json\/wp\/v2\/categories?post=365921"},{"taxonomy":"post_tag","embeddable":true,"href":"https:\/\/www.europesays.com\/de\/wp-json\/wp\/v2\/tags?post=365921"}],"curies":[{"name":"wp","href":"https:\/\/api.w.org\/{rel}","templated":true}]}}