{"id":366073,"date":"2025-08-23T03:49:13","date_gmt":"2025-08-23T03:49:13","guid":{"rendered":"https:\/\/www.europesays.com\/de\/366073\/"},"modified":"2025-08-23T03:49:13","modified_gmt":"2025-08-23T03:49:13","slug":"regionalliga-in-unterzahl-lok-leipzig-entfuehrt-drei-punkte-aus-berlin","status":"publish","type":"post","link":"https:\/\/www.europesays.com\/de\/366073\/","title":{"rendered":"Regionalliga: In Unterzahl \u2013 Lok Leipzig entf\u00fchrt drei Punkte aus Berlin"},"content":{"rendered":"<p>Leipzig startet langsam in die Partie<\/p>\n<p class=\"text\">\nLok Leipzig fand zu Beginn schwer in die Partie &#8211; anders als die Hertha, die in den Anfangsminuten mit ansehnlichem Kombinationsspiel zeigte, dass sie zu Unrecht ganz unten in der Tabelle steht. Erst nach einer knappen Viertelstunde \u00fcbernahm der Meister allm\u00e4hlich die Kontrolle, ohne jedoch zwingend gef\u00e4hrlich zu werden.\n<\/p>\n<p class=\"text\">\nDie Berliner zogen sich anschlie\u00dfend zur\u00fcck, auch weil Leipzig nun immer besser wurde und den Druck erh\u00f6hte. Die wenigen Chancen, die sich die G\u00e4ste allerdings herausspielten, blieben ungenutzt: Djamal Ziane (29.) und Pasqual Verkamp (34.) hatten die m\u00f6gliche F\u00fchrung jeweils auf dem Fu\u00df, scheiterten jedoch knapp. Fast w\u00e4re diese Nachl\u00e4ssigkeit von den Gastgebern kurz vor der Halbzeit bestraft worden \u2013 doch Nathan Wichts Freisto\u00df konnte von Lok-Keeper Andreas Naumann pariert werden (41.), w\u00e4hrend Stanley Keller Sekunden vor dem Pausenpfiff seinen Abschluss knapp am Tor vorbeisetzte.\n<\/p>\n<p>Erst die Rote Karte, dann der Lucky Punch<\/p>\n<p class=\"text\">\nDer zweite Durchgang begann f\u00fcr die G\u00e4ste mit einem Paukenschlag. Der bereits verwarnte und bis dahin \u00fcberzeugende Eren \u00d6zt\u00fcrk sah nach einem unn\u00f6tigen Foul in der 52. Minute seine zweite Gelbe Karte und musste vom Feld. Mit nun zehn Leipzigern gegen elf Herthaner ver\u00e4nderte sich die Statik des Spiels komplett. Berlin dr\u00e4ngte auf den F\u00fchrungstreffer, vergab jedoch mehrfach beste M\u00f6glichkeiten (55.\/63.\/64.).\n<\/p>\n<p class=\"text\">\nCoach Seitz reagierte mit frischen Kr\u00e4ften \u2013 und bewies ein goldenes H\u00e4ndchen: In der 75. Minute verl\u00e4ngerte der eingewechselte Jonas Arcalean einen langen Abschlag von Keeper Andreas Naumann per Kopf in den Lauf des ebenfalls eingewechselten Ayodele Adetula, der aus spitzem Winkel zur F\u00fchrung f\u00fcr die Loksche traf.\n<\/p>\n<p class=\"text\">\nIn der hektischen Schlussphase warf Zehlendorf alles nach vorne \u2013 ohne Erfolg. Die letzte Gelegenheit vergab Keeper Alexios Dedidis in der Nachspielzeit, als er nach einem Eckball zum Kopfball kam, die Kugel aber dr\u00fcbersetzte (90.+3). So rettete Lok den knappen Vorsprung \u00fcber die Zeit und setzte sich zumindest \u00fcber Nacht an die Tabellenspitze.<\/p>\n","protected":false},"excerpt":{"rendered":"Leipzig startet langsam in die Partie Lok Leipzig fand zu Beginn schwer in die Partie &#8211; anders als&hellip;\n","protected":false},"author":2,"featured_media":366074,"comment_status":"","ping_status":"","sticky":false,"template":"","format":"standard","meta":{"footnotes":""},"categories":[1825],"tags":[5096,10417,1941,1939,296,1937,29,347,30,10197,81,1940,1938,22540,3459,3499,265,3498],"class_list":{"0":"post-366073","1":"post","2":"type-post","3":"status-publish","4":"format-standard","5":"has-post-thumbnail","7":"category-berlin","8":"tag-1-fc-lok-leipzig","9":"tag-4-spieltag","10":"tag-aktuelle-nachrichten-aus-berlin","11":"tag-aktuelle-news-aus-berlin","12":"tag-berlin","13":"tag-berlin-news","14":"tag-deutschland","15":"tag-fussball","16":"tag-germany","17":"tag-hertha-zehlendorf","18":"tag-mdr","19":"tag-nachrichten-aus-berlin","20":"tag-news-aus-berlin","21":"tag-nordost","22":"tag-regionalliga","23":"tag-spio","24":"tag-sport","25":"tag-sport-im-osten"},"share_on_mastodon":{"url":"https:\/\/pubeurope.com\/@de\/115076042859444615","error":""},"_links":{"self":[{"href":"https:\/\/www.europesays.com\/de\/wp-json\/wp\/v2\/posts\/366073","targetHints":{"allow":["GET"]}}],"collection":[{"href":"https:\/\/www.europesays.com\/de\/wp-json\/wp\/v2\/posts"}],"about":[{"href":"https:\/\/www.europesays.com\/de\/wp-json\/wp\/v2\/types\/post"}],"author":[{"embeddable":true,"href":"https:\/\/www.europesays.com\/de\/wp-json\/wp\/v2\/users\/2"}],"replies":[{"embeddable":true,"href":"https:\/\/www.europesays.com\/de\/wp-json\/wp\/v2\/comments?post=366073"}],"version-history":[{"count":0,"href":"https:\/\/www.europesays.com\/de\/wp-json\/wp\/v2\/posts\/366073\/revisions"}],"wp:featuredmedia":[{"embeddable":true,"href":"https:\/\/www.europesays.com\/de\/wp-json\/wp\/v2\/media\/366074"}],"wp:attachment":[{"href":"https:\/\/www.europesays.com\/de\/wp-json\/wp\/v2\/media?parent=366073"}],"wp:term":[{"taxonomy":"category","embeddable":true,"href":"https:\/\/www.europesays.com\/de\/wp-json\/wp\/v2\/categories?post=366073"},{"taxonomy":"post_tag","embeddable":true,"href":"https:\/\/www.europesays.com\/de\/wp-json\/wp\/v2\/tags?post=366073"}],"curies":[{"name":"wp","href":"https:\/\/api.w.org\/{rel}","templated":true}]}}