{"id":366278,"date":"2025-08-23T06:03:11","date_gmt":"2025-08-23T06:03:11","guid":{"rendered":"https:\/\/www.europesays.com\/de\/366278\/"},"modified":"2025-08-23T06:03:11","modified_gmt":"2025-08-23T06:03:11","slug":"der-trainer-sieht-gegen-spitzenreiter-bielefeld-kein-duell-der-gegensaetze","status":"publish","type":"post","link":"https:\/\/www.europesays.com\/de\/366278\/","title":{"rendered":"Der Trainer sieht gegen Spitzenreiter Bielefeld kein Duell der Gegens\u00e4tze"},"content":{"rendered":"<p>Arminia Bielefeld hat in dieser Saison bisher alles gewonnen, Dynamo Dresden alles verloren. F\u00fcr Trainer Thomas Stamm spielt das am Sonntag keine Rolle. Und er gibt Entwarnung beim St\u00fcrmer-Dilemma.  <\/p>\n<p class=\"Textstyled__Text-sc-1cqv9mi-0 dKgfuR\">Dresden. Der Spitzenreiter empf\u00e4ngt den Tabellen-15., die Arminia hat alle drei Pflichtspiele in dieser Saison gewonnen, Dynamo alle verloren \u2013 es klingt so, als w\u00fcrden am Sonntagmittag zwei Fu\u00dfballwelten auf der Bielefelder Alm aufeinandertreffen. Dresdens Trainer sieht das ganz anders. \u201eEs ist f\u00fcr mich ein 50:50-Spiel\u201c, betont er. <\/p>\n<p class=\"Textstyled__Text-sc-1cqv9mi-0 dKgfuR\">Ein Duell der Gegens\u00e4tze ist es f\u00fcr ihn allein beim Blick auf die Ergebnisse. Doch selbst da differenziert der Schweizer: \u201eAbgesehen vom Bielefelder 5:1-Sieg gegen D\u00fcsseldorf zum Auftakt waren es bei beiden Teams immer enge Partien. Und zweimal gewann Arminia in \u00dcberzahl.\u201c Gegen die Fortuna und beim 1:0 im Pokal gegen Bundesligist Werder Bremen dezimierten sich die Gegner jeweils nach rund der H\u00e4lfte des Spiels selbst. Lediglich beim 2:0-Erfolg in Kiel musste sich der Tabellenerste bis zum Schluss gegen elf Gegenspieler behaupten. <\/p>\n<blockquote><p>Die Art und Weise ist manchmal wichtiger als das Ergebnis.<\/p><\/blockquote>\n<p class=\"Quotestyled__Author-sc-q277fq-1 hfNZxo\">Thomas Stamm<\/p>\n<p class=\"Quotestyled__AuthorDescription-sc-q277fq-2 kncpVQ\">Dynamo-Trainer<\/p>\n<p class=\"Textstyled__Text-sc-1cqv9mi-0 dKgfuR\">Die Arminia als Meister und Dynamo als Vizemeister waren Mitte Mai gemeinsam in die 2. Bundesliga marschiert. Seitdem trennten sich die Wege \u2013 zumindest was die Erfolgsquote betrifft. Dass dies Auswirkungen haben wird auf die Partie am Sonntag, glaubt Stamm nicht. Dabei w\u00e4re es naheliegend, dass Bielefeld, wo die Aufstiegseuphorie in die neue Saison weitergetragen wurde, mit breiter Brust und gro\u00dfem Selbstvertrauen aufl\u00e4uft. Und bei Dynamo im Gegenzug allm\u00e4hlich das Zweifeln beginnt. <\/p>\n","protected":false},"excerpt":{"rendered":"Arminia Bielefeld hat in dieser Saison bisher alles gewonnen, Dynamo Dresden alles verloren. F\u00fcr Trainer Thomas Stamm spielt&hellip;\n","protected":false},"author":2,"featured_media":366279,"comment_status":"","ping_status":"","sticky":false,"template":"","format":"standard","meta":{"footnotes":""},"categories":[1841],"tags":[1605,3364,29,30,1209],"class_list":{"0":"post-366278","1":"post","2":"type-post","3":"status-publish","4":"format-standard","5":"has-post-thumbnail","7":"category-bielefeld","8":"tag-bielefeld","9":"tag-de","10":"tag-deutschland","11":"tag-germany","12":"tag-nordrhein-westfalen"},"share_on_mastodon":{"url":"https:\/\/pubeurope.com\/@de\/115076569800009773","error":""},"_links":{"self":[{"href":"https:\/\/www.europesays.com\/de\/wp-json\/wp\/v2\/posts\/366278","targetHints":{"allow":["GET"]}}],"collection":[{"href":"https:\/\/www.europesays.com\/de\/wp-json\/wp\/v2\/posts"}],"about":[{"href":"https:\/\/www.europesays.com\/de\/wp-json\/wp\/v2\/types\/post"}],"author":[{"embeddable":true,"href":"https:\/\/www.europesays.com\/de\/wp-json\/wp\/v2\/users\/2"}],"replies":[{"embeddable":true,"href":"https:\/\/www.europesays.com\/de\/wp-json\/wp\/v2\/comments?post=366278"}],"version-history":[{"count":0,"href":"https:\/\/www.europesays.com\/de\/wp-json\/wp\/v2\/posts\/366278\/revisions"}],"wp:featuredmedia":[{"embeddable":true,"href":"https:\/\/www.europesays.com\/de\/wp-json\/wp\/v2\/media\/366279"}],"wp:attachment":[{"href":"https:\/\/www.europesays.com\/de\/wp-json\/wp\/v2\/media?parent=366278"}],"wp:term":[{"taxonomy":"category","embeddable":true,"href":"https:\/\/www.europesays.com\/de\/wp-json\/wp\/v2\/categories?post=366278"},{"taxonomy":"post_tag","embeddable":true,"href":"https:\/\/www.europesays.com\/de\/wp-json\/wp\/v2\/tags?post=366278"}],"curies":[{"name":"wp","href":"https:\/\/api.w.org\/{rel}","templated":true}]}}