{"id":366521,"date":"2025-08-23T08:31:13","date_gmt":"2025-08-23T08:31:13","guid":{"rendered":"https:\/\/www.europesays.com\/de\/366521\/"},"modified":"2025-08-23T08:31:13","modified_gmt":"2025-08-23T08:31:13","slug":"diamanten-in-der-vorspeise-kommen-bei-thomas-gaesten-nicht-so-gut-an","status":"publish","type":"post","link":"https:\/\/www.europesays.com\/de\/366521\/","title":{"rendered":"\u201cDiamanten\u201d in der Vorspeise kommen bei Thomas\u00b4 G\u00e4sten nicht so gut an"},"content":{"rendered":"<p>Was haben Edelsteine bei einer Zwiebelsuppe zu suchen? Und dazu auch noch in Lila? Thomas will mit seinem perfekten Dinner wohl so richtig Eindruck machen. Doch die G\u00e4ste w\u00fcrden lieber alles auf ihrem Teller essen k\u00f6nnen.<\/p>\n<p>Thomas ist eigentlich ein Gewinner-Typ. Daher \u00fcberrascht es niemanden, dass er &#8222;Das perfekte Dinner&#8220; auf jeden Fall gewinnen will. Daf\u00fcr setzt er auch auf optische Highlights: Seine Vorspeise zieren beispielsweise kleine, lila Deko-Edelsteine. Thomas findet es super &#8211; aber seine G\u00e4ste scheinen da nicht so leicht zu \u00fcberzeugen zu sein.<\/p>\n<p>Dabei hat Thomas\u00b4 Frau Isabell doch so sch\u00f6n farblich abgestimmt den Tisch gedeckt!<\/p>\n<p>Auf dem Tisch wirken die kleinen, lila Steinchen schick &#8211; auf dem Teller neben der Zwiebelsuppe eher irritierend. Meinen zumindest die G\u00e4ste.<\/p>\n<p>Echte &#8222;Diamanten&#8220; auf der Vorspeise? Laut Thomas ist das sein Gastgebergeschenk f\u00fcr den finalen Dinner-Abend. &#8222;Die d\u00fcrft ihr behalten &#8211; macht euch ein sch\u00f6nes Leben damit&#8220;, meint der gro\u00dfz\u00fcgige Gastgeber. <a target=\"_self\" href=\"https:\/\/www.vox.de\/sendungen\/das-perfekte-dinner\/das-perfekte-dinner-jenny-zaubert-ihr-dinner-outfit-aus-der-disco-kugel\" rel=\"nofollow noopener\">Jenny <\/a>nimmt ihn beim Wort und steckt sich direkt einige Glitzersteinchen ein. Sie steht doch bekannterma\u00dfen so auf Glitzer.<\/p>\n<p><a href=\"https:\/\/www.vox.de\/sendungen\/das-perfekte-dinner\/das-perfekte-dinner-im-historischen-fachwerk-serviert-steffen-hier-die-henkersmahlzeit\" target=\"_self\" rel=\"nofollow noopener\">Steffen <\/a>ist aber gar nicht so begeistert von dieser Idee: &#8222;Ich finde, es geh\u00f6rt nichts auf den Teller, was man nicht essen kann&#8220;. Ist auch ein Standpunkt.<\/p>\n<p>&#8222;Ich habe alles rausgehauen heute&#8220;, meint Thomas. Der 60-J\u00e4hrige hofft, dass es seinen G\u00e4ste geschmeckt hat. &#8222;Und ich bin jetzt sehr gespannt, wer von uns denn gewonnen hat&#8220;, meint er. Ob der finale Gastgeber es noch schafft, das gestrige, perfekte Dinner von <a target=\"_self\" href=\"https:\/\/www.vox.de\/sendungen\/das-perfekte-dinner\/das-perfekte-dinner-im-historischen-fachwerk-serviert-steffen-hier-die-henkersmahlzeit\" rel=\"nofollow noopener\">Steffen <\/a>zu toppen?<\/p>\n","protected":false},"excerpt":{"rendered":"Was haben Edelsteine bei einer Zwiebelsuppe zu suchen? Und dazu auch noch in Lila? Thomas will mit seinem&hellip;\n","protected":false},"author":2,"featured_media":366522,"comment_status":"","ping_status":"","sticky":false,"template":"","format":"standard","meta":{"footnotes":""},"categories":[1773],"tags":[29,214,30,471,1780,215],"class_list":{"0":"post-366521","1":"post","2":"type-post","3":"status-publish","4":"format-standard","5":"has-post-thumbnail","7":"category-serien","8":"tag-deutschland","9":"tag-entertainment","10":"tag-germany","11":"tag-serien","12":"tag-series","13":"tag-unterhaltung"},"share_on_mastodon":{"url":"https:\/\/pubeurope.com\/@de\/115077151793931053","error":""},"_links":{"self":[{"href":"https:\/\/www.europesays.com\/de\/wp-json\/wp\/v2\/posts\/366521","targetHints":{"allow":["GET"]}}],"collection":[{"href":"https:\/\/www.europesays.com\/de\/wp-json\/wp\/v2\/posts"}],"about":[{"href":"https:\/\/www.europesays.com\/de\/wp-json\/wp\/v2\/types\/post"}],"author":[{"embeddable":true,"href":"https:\/\/www.europesays.com\/de\/wp-json\/wp\/v2\/users\/2"}],"replies":[{"embeddable":true,"href":"https:\/\/www.europesays.com\/de\/wp-json\/wp\/v2\/comments?post=366521"}],"version-history":[{"count":0,"href":"https:\/\/www.europesays.com\/de\/wp-json\/wp\/v2\/posts\/366521\/revisions"}],"wp:featuredmedia":[{"embeddable":true,"href":"https:\/\/www.europesays.com\/de\/wp-json\/wp\/v2\/media\/366522"}],"wp:attachment":[{"href":"https:\/\/www.europesays.com\/de\/wp-json\/wp\/v2\/media?parent=366521"}],"wp:term":[{"taxonomy":"category","embeddable":true,"href":"https:\/\/www.europesays.com\/de\/wp-json\/wp\/v2\/categories?post=366521"},{"taxonomy":"post_tag","embeddable":true,"href":"https:\/\/www.europesays.com\/de\/wp-json\/wp\/v2\/tags?post=366521"}],"curies":[{"name":"wp","href":"https:\/\/api.w.org\/{rel}","templated":true}]}}