{"id":366999,"date":"2025-08-23T12:49:18","date_gmt":"2025-08-23T12:49:18","guid":{"rendered":"https:\/\/www.europesays.com\/de\/366999\/"},"modified":"2025-08-23T12:49:18","modified_gmt":"2025-08-23T12:49:18","slug":"jahresausstellung-des-kazoptikums-im-rathaus-herne-soziale-waerme-in-vier-dimensionen-vs-die-dimension-der-angst","status":"publish","type":"post","link":"https:\/\/www.europesays.com\/de\/366999\/","title":{"rendered":"Jahresausstellung des KAZoptikums im Rathaus Herne: Soziale W\u00e4rme in vier Dimensionen vs die Dimension der Angst"},"content":{"rendered":"<p>        <a href=\"https:\/\/www.lokalkompass.de\/s\/buergerreporter-werden\" target=\"_BLANK\" rel=\"nofollow noopener\">&#13;<br \/>\n<img decoding=\"async\" src=\"https:\/\/www.europesays.com\/de\/wp-content\/uploads\/2025\/04\/13544299_NATIVE.png\" height=\"100%\" width=\"auto\"\/><\/a><\/p>\n<p>                            <a class=\"content-author-avatar-block\" href=\"https:\/\/www.lokalkompass.de\/wanne-eickel\/profile-17160\/hanne-krueger?type=article\" rel=\"nofollow noopener\" target=\"_blank\"><\/p>\n<p>                                                                            <img class=\"imagecontainer\" decoding=\"auto\" data-aspect-ratio=\"1.393518519\" src=\"https:\/\/media04.lokalkompass.de\/user\/2022\/11\/11\/1\/98521_L.jpg?1668122298\" style=\"object-position: 50% 50%;\" data-object-position=\"50% 50%\" bad-src=\"data:image\/gif;base64,R0lGODlhAQABAIAAAAAAAP\/\/\/yH5BAEAAAAALAAAAAABAAEAAAIBRAA7\"\/><\/p>\n<p>                <\/a><\/p>\n<p>Community<\/p>\n<p>                                <a class=\"content-author-link\" href=\"https:\/\/www.lokalkompass.de\/wanne-eickel\/profile-17160\/hanne-krueger?type=article\" rel=\"nofollow noopener\" target=\"_blank\">Hanne Kr\u00fcger<\/a><\/p>\n<p>\n                        aus Wanne-Eickel<\/p>\n<ul class=\"content-meta\">\n<li>23. August 2025, 13:59\u00a0Uhr<\/li>\n<\/ul>\n<p>                            <img class=\"imagecontainer\" loading=\"eager\" fetchpriority=\"auto\" decoding=\"auto\" data-aspect-ratio=\"1.437837838\" src=\"https:\/\/www.europesays.com\/de\/wp-content\/uploads\/2025\/08\/13795790_L.webp\" alt=\"Foto: KAZoptikum\"\/><\/p>\n<p>2Bilder<\/p>\n<p>Soziale W\u00e4rme in 4 Dimensionen vs. die Dimension der Angst<\/p>\n<p>Jahresausstellung des KAZoptikums im Herner Rathaus<\/p>\n<p>vom 04.09.25 bis zum 30.09.25 <\/p>\n<p>Ausstellen werden Mitglieder des KAZ sowie Freunde des Vereins. <\/p>\n<p>Die Gruppenausstellung besch\u00e4ftigt sich mit dem Thema Soziale W\u00e4rme in 4 Dimensionen; dagegen gestellt ist die Dimension der Angst.<\/p>\n<p>Soziale W\u00e4rme ist das, was eine Gesellschaft tr\u00e4gt. Ohne soziale W\u00e4rme ist eine Gesellschaft hinf\u00e4llig und zum Scheitern verurteilt. Die unvoreingenommene zwischenmenschliche Interaktion wird bedroht von der Furcht vor N\u00e4he, emotional und k\u00f6rperlich. Denn nichts anderes ist das Ablehnen sozialer W\u00e4rme; <\/p>\n<p>Angst vor Fremde, vor anderen Dimensionen, Angst vor der W\u00e4rme selbst.  Ann\u00e4herung und Absto\u00dfen gleicherma\u00dfen ist das, was die Ausstellung anstrebt. <\/p>\n<p>Um die Sichtbarkeit von W\u00e4rme \u2013 oder Angst \u2013 zu erfahren, wird ein Erscheinen bei der Vernissage am 04.09.25 um 17 Uhr empfohlen. <\/p>\n<p>Text: Johanna Maria Falchi<\/p>\n<p>                                                                            <img class=\"imagecontainer\" decoding=\"auto\" data-aspect-ratio=\"1.437837838\" src=\"https:\/\/www.europesays.com\/de\/wp-content\/uploads\/2025\/08\/13795790_L.webp\"\/><\/p>\n<p>                                                                            <img class=\"imagecontainer\" decoding=\"auto\" data-aspect-ratio=\"1.402317881\" src=\"https:\/\/www.europesays.com\/de\/wp-content\/uploads\/2025\/08\/13795793_L.webp\"\/><\/p>\n<p>                <a id=\"like-anchor\"\/><\/p>\n<p>                    Dieser Inhalt gef\u00e4llt Ihnen?<\/p>\n<p>Melden Sie sich an, um diesen Inhalt mit \u00abGef\u00e4llt mir\u00bb zu markieren.<\/p>\n<p>            \u00d7<\/p>\n<p>        <a href=\"#\" data-trigger-click-on-space-or-enter=\"\" class=\"button ggm-like-button hollow\" title=\"Gef\u00e4llt mir\" data-open=\"like-conversion-68a9b8c589ec6\"><\/p>\n<p>        <\/a><\/p>\n<p>\n        Gef\u00e4llt <strong>0<\/strong> mal<br \/>\n        0\n    <\/p>\n<p>            <a href=\"https:\/\/www.lokalkompass.de\/wanne-eickel\/profile-17160\/hanne-krueger\" class=\"stop-click-event-propagation\" rel=\"nofollow noopener\" target=\"_blank\">    <\/p>\n<p>                                                                            <img class=\"imagecontainer\" decoding=\"auto\" data-aspect-ratio=\"1.393518519\" src=\"https:\/\/media04.lokalkompass.de\/user\/2022\/11\/11\/1\/98521_L.jpg?1668122298\" style=\"object-position: 50% 50%;\" data-object-position=\"50% 50%\" bad-src=\"data:image\/gif;base64,R0lGODlhAQABAIAAAAAAAP\/\/\/yH5BAEAAAAALAAAAAABAAEAAAIBRAA7\"\/><\/p>\n<p>        <\/a><\/p>\n<p>                    Sie m\u00f6chten diesem Profil folgen?<\/p>\n<p>Verpassen Sie nicht die neuesten Inhalte von diesem Profil: Melden Sie sich an, um neuen Inhalten von Profilen und Orten in Ihrem <strong>pers\u00f6nlichen Feed<\/strong> zu folgen.<\/p>\n<p>            \u00d7<\/p>\n<p>\n            <strong>5<\/strong> folgen diesem Profil\n        <\/p>\n<p><a href=\"http:\/\/emag.lokalkompass.de\/titles\/wvw\/11411?utm_source=E-Paper&amp;utm_medium=sidebar&amp;utm_campaign=Herner Wochenblatt Wanne-Eickel\" target=\"_blank\" title=\"zum Herner Wochenblatt Wanne-Eickel\" onclick=\"return fullscreen(&#039;http:\/\/emag.lokalkompass.de\/titles\/wvw\/11411?utm_source=E-Paper&amp;utm_medium=sidebar&amp;utm_campaign=Herner Wochenblatt Wanne-Eickel&#039;)\" rel=\"nofollow noopener\">&#13;<br \/>\n<img decoding=\"async\" src=\"https:\/\/www.europesays.com\/de\/wp-content\/uploads\/2025\/08\/1755953358_364_medium.jpg\" border=\"0\" height=\"0\" width=\"100%\"\/><\/a><\/p>\n<p>\u00a0<\/p>\n<p>        \u00d7<\/p>\n<p>    Video einbetten<\/p>\n<p class=\"help\">Es k\u00f6nnen nur einzelne Videos der jeweiligen Plattformen eingebunden werden, nicht jedoch Playlists, Streams oder \u00dcbersichtsseiten.<\/p>\n<p>        \u00d7<\/p>\n<p>    Code einbetten<\/p>\n<p>        Funktionalit\u00e4t des eingebetteten Codes ohne Gew\u00e4hr. Bitte Einbettungen f\u00fcr Video, Social, Link und Maps mit dem vom System vorgesehenen Einbettungsfuntkionen vornehmen.\n    <\/p>\n<p>                    Sie m\u00f6chten selbst beitragen?<\/p>\n<p>Melden Sie sich jetzt kostenlos an, um selbst mit eigenen Inhalten beizutragen.<\/p>\n<p>            \u00d7<\/p>\n<p>&#13;<br \/>\n        \u00a9 FUNKE Media Sales NRW GmbH&#13;\n    <\/p>\n<p align=\"right\">Eine Marke der <a href=\"https:\/\/www.funkemedien.de\/\" target=\"_blank\" rel=\"noopener nofollow\" style=\"font-weight:bold;\">FUNKE<\/a> Mediengruppe<\/p>\n","protected":false},"excerpt":{"rendered":"&#13; Community Hanne Kr\u00fcger aus Wanne-Eickel 23. August 2025, 13:59\u00a0Uhr 2Bilder Soziale W\u00e4rme in 4 Dimensionen vs. die&hellip;\n","protected":false},"author":2,"featured_media":367000,"comment_status":"","ping_status":"","sticky":false,"template":"","format":"standard","meta":{"footnotes":""},"categories":[1848],"tags":[3364,29,548,663,3934,3658,30,13,14,15,1209,12],"class_list":{"0":"post-366999","1":"post","2":"type-post","3":"status-publish","4":"format-standard","5":"has-post-thumbnail","7":"category-gelsenkirchen","8":"tag-de","9":"tag-deutschland","10":"tag-eu","11":"tag-europa","12":"tag-europe","13":"tag-gelsenkirchen","14":"tag-germany","15":"tag-headlines","16":"tag-nachrichten","17":"tag-news","18":"tag-nordrhein-westfalen","19":"tag-schlagzeilen"},"share_on_mastodon":{"url":"https:\/\/pubeurope.com\/@de\/115078166504477046","error":""},"_links":{"self":[{"href":"https:\/\/www.europesays.com\/de\/wp-json\/wp\/v2\/posts\/366999","targetHints":{"allow":["GET"]}}],"collection":[{"href":"https:\/\/www.europesays.com\/de\/wp-json\/wp\/v2\/posts"}],"about":[{"href":"https:\/\/www.europesays.com\/de\/wp-json\/wp\/v2\/types\/post"}],"author":[{"embeddable":true,"href":"https:\/\/www.europesays.com\/de\/wp-json\/wp\/v2\/users\/2"}],"replies":[{"embeddable":true,"href":"https:\/\/www.europesays.com\/de\/wp-json\/wp\/v2\/comments?post=366999"}],"version-history":[{"count":0,"href":"https:\/\/www.europesays.com\/de\/wp-json\/wp\/v2\/posts\/366999\/revisions"}],"wp:featuredmedia":[{"embeddable":true,"href":"https:\/\/www.europesays.com\/de\/wp-json\/wp\/v2\/media\/367000"}],"wp:attachment":[{"href":"https:\/\/www.europesays.com\/de\/wp-json\/wp\/v2\/media?parent=366999"}],"wp:term":[{"taxonomy":"category","embeddable":true,"href":"https:\/\/www.europesays.com\/de\/wp-json\/wp\/v2\/categories?post=366999"},{"taxonomy":"post_tag","embeddable":true,"href":"https:\/\/www.europesays.com\/de\/wp-json\/wp\/v2\/tags?post=366999"}],"curies":[{"name":"wp","href":"https:\/\/api.w.org\/{rel}","templated":true}]}}