{"id":367509,"date":"2025-08-23T17:29:19","date_gmt":"2025-08-23T17:29:19","guid":{"rendered":"https:\/\/www.europesays.com\/de\/367509\/"},"modified":"2025-08-23T17:29:19","modified_gmt":"2025-08-23T17:29:19","slug":"auf-dem-burgplatz-arme-und-reiche-essen-gemeinsam","status":"publish","type":"post","link":"https:\/\/www.europesays.com\/de\/367509\/","title":{"rendered":"Auf dem Burgplatz \u2013 Arme und Reiche essen gemeinsam"},"content":{"rendered":"<p class=\"text_ohne_einzug richtext text-em-55 !leading-serif mx-6 desktop:mx-0\">Die Altstadt-Armenk\u00fcche tischte auf und es kamen deutlich mehr G\u00e4ste als sonst. \u201eSo an die 1000 Portionen werden es wohl sein\u201c, sagt Pater Wolfgang Sieffert. \u201eEs gibt das <a href=\"https:\/\/rp-online.de\/thema\/essen\/\" target=\"_blank\" rel=\"noopener\">Essen<\/a>, das wir auch f\u00fcr die armen Menschen in unserer Armenk\u00fcche machen.\u201c Doch diesmal gibt es Platz f\u00fcr viele, auf dem Burgplatz stehen Biertischgarnituren, es gibt auch W\u00fcrstchen vom Grill, alkoholfreie Getr\u00e4nke und Schumacher Alt.  \u201eArmut \u00fcberwinden \u2013 nicht verstecken!\u201c, so hie\u00df das Motto der Aktion beim Essen f\u00fcr Arme und Reiche auf dem Burgplatz. Viele gef\u00fcllte Teller mit Erbsensuppe verteilten die Ehrenamtlichen.<\/p>\n","protected":false},"excerpt":{"rendered":"Die Altstadt-Armenk\u00fcche tischte auf und es kamen deutlich mehr G\u00e4ste als sonst. \u201eSo an die 1000 Portionen werden&hellip;\n","protected":false},"author":2,"featured_media":367510,"comment_status":"","ping_status":"","sticky":false,"template":"","format":"standard","meta":{"footnotes":""},"categories":[1834],"tags":[2922,93195,93199,100551,24788,3364,29,59863,3688,30,25352,1209,46787,4433,100552],"class_list":{"0":"post-367509","1":"post","2":"type-post","3":"status-publish","4":"format-standard","5":"has-post-thumbnail","7":"category-essen","8":"tag-altstadt","9":"tag-arme","10":"tag-armen","11":"tag-armenkueche","12":"tag-burgplatz","13":"tag-de","14":"tag-deutschland","15":"tag-erbsensuppe","16":"tag-essen","17":"tag-germany","18":"tag-miteinander","19":"tag-nordrhein-westfalen","20":"tag-pater","21":"tag-reiche","22":"tag-sieffert"},"share_on_mastodon":{"url":"https:\/\/pubeurope.com\/@de\/115079267411802479","error":""},"_links":{"self":[{"href":"https:\/\/www.europesays.com\/de\/wp-json\/wp\/v2\/posts\/367509","targetHints":{"allow":["GET"]}}],"collection":[{"href":"https:\/\/www.europesays.com\/de\/wp-json\/wp\/v2\/posts"}],"about":[{"href":"https:\/\/www.europesays.com\/de\/wp-json\/wp\/v2\/types\/post"}],"author":[{"embeddable":true,"href":"https:\/\/www.europesays.com\/de\/wp-json\/wp\/v2\/users\/2"}],"replies":[{"embeddable":true,"href":"https:\/\/www.europesays.com\/de\/wp-json\/wp\/v2\/comments?post=367509"}],"version-history":[{"count":0,"href":"https:\/\/www.europesays.com\/de\/wp-json\/wp\/v2\/posts\/367509\/revisions"}],"wp:featuredmedia":[{"embeddable":true,"href":"https:\/\/www.europesays.com\/de\/wp-json\/wp\/v2\/media\/367510"}],"wp:attachment":[{"href":"https:\/\/www.europesays.com\/de\/wp-json\/wp\/v2\/media?parent=367509"}],"wp:term":[{"taxonomy":"category","embeddable":true,"href":"https:\/\/www.europesays.com\/de\/wp-json\/wp\/v2\/categories?post=367509"},{"taxonomy":"post_tag","embeddable":true,"href":"https:\/\/www.europesays.com\/de\/wp-json\/wp\/v2\/tags?post=367509"}],"curies":[{"name":"wp","href":"https:\/\/api.w.org\/{rel}","templated":true}]}}