{"id":367636,"date":"2025-08-23T18:45:21","date_gmt":"2025-08-23T18:45:21","guid":{"rendered":"https:\/\/www.europesays.com\/de\/367636\/"},"modified":"2025-08-23T18:45:21","modified_gmt":"2025-08-23T18:45:21","slug":"sieben-gute-nachrichten-aus-sachsen-2","status":"publish","type":"post","link":"https:\/\/www.europesays.com\/de\/367636\/","title":{"rendered":"Sieben gute Nachrichten aus Sachsen"},"content":{"rendered":"<p class=\"Textstyled__Text-sc-1cqv9mi-0 dKgfuR ArticleHeadstyled__ArticleSubHeadline-sc-tdzyy5-11 fXdZot\">In der Schule lernen, worauf man Lust hat, Reparaturbonus kehrt zur\u00fcck, Verbesserung f\u00fcr Dresdens Verkehr: Hier kommen die positiven Meldungen der Woche.<\/p>\n<p>Liebe Leserin, lieber Leser,<\/p>\n<p class=\"Textstyled__Text-sc-1cqv9mi-0 dKgfuR\">in der Grundschule Reichenberg wird Lernen neu gedacht. Sch\u00fclerinnen und Sch\u00fcler d\u00fcrfen an Freitagen selbst entscheiden, was sie lernen m\u00f6chten. Und kommen seitdem an Freitagen voller Freude in die Schule. F\u00fcr das innovative Lernkonzept (mehr dazu erfahren Sie im verlinkten Artikel) wurden die P\u00e4dagoginnen sogar ausgezeichnet. Diese und noch weitere Meldungen haben uns diese Woche ein bisschen vers\u00fc\u00dft \u2013 und Ihnen hoffentlich auch. Viel Spa\u00df beim Lesen.<\/p>\n<p class=\"Textstyled__Text-sc-1cqv9mi-0 dKgfuR\">Ein sch\u00f6nes Wochenende w\u00fcnscht Ihre Redaktion der S\u00e4chsischen Zeitung<\/p>\n<p>Gute Nachrichten<\/p>\n<p class=\"CallToActionBasestyled__Text-sc-1k69918-5 fbjGwD\">Der Newsletter mit erfreulichen, inspirierenden und konstruktiven Nachrichten aus Sachsen und Ihrer Region: Jeden Samstag kompakt und aktuell direkt in Ihr E-Mail-Postfach.<\/p>\n","protected":false},"excerpt":{"rendered":"In der Schule lernen, worauf man Lust hat, Reparaturbonus kehrt zur\u00fcck, Verbesserung f\u00fcr Dresdens Verkehr: Hier kommen die&hellip;\n","protected":false},"author":2,"featured_media":367637,"comment_status":"","ping_status":"","sticky":false,"template":"","format":"standard","meta":{"footnotes":""},"categories":[1835],"tags":[3364,29,2386,30,859],"class_list":{"0":"post-367636","1":"post","2":"type-post","3":"status-publish","4":"format-standard","5":"has-post-thumbnail","7":"category-dresden","8":"tag-de","9":"tag-deutschland","10":"tag-dresden","11":"tag-germany","12":"tag-sachsen"},"share_on_mastodon":{"url":"https:\/\/pubeurope.com\/@de\/115079566074398643","error":""},"_links":{"self":[{"href":"https:\/\/www.europesays.com\/de\/wp-json\/wp\/v2\/posts\/367636","targetHints":{"allow":["GET"]}}],"collection":[{"href":"https:\/\/www.europesays.com\/de\/wp-json\/wp\/v2\/posts"}],"about":[{"href":"https:\/\/www.europesays.com\/de\/wp-json\/wp\/v2\/types\/post"}],"author":[{"embeddable":true,"href":"https:\/\/www.europesays.com\/de\/wp-json\/wp\/v2\/users\/2"}],"replies":[{"embeddable":true,"href":"https:\/\/www.europesays.com\/de\/wp-json\/wp\/v2\/comments?post=367636"}],"version-history":[{"count":0,"href":"https:\/\/www.europesays.com\/de\/wp-json\/wp\/v2\/posts\/367636\/revisions"}],"wp:featuredmedia":[{"embeddable":true,"href":"https:\/\/www.europesays.com\/de\/wp-json\/wp\/v2\/media\/367637"}],"wp:attachment":[{"href":"https:\/\/www.europesays.com\/de\/wp-json\/wp\/v2\/media?parent=367636"}],"wp:term":[{"taxonomy":"category","embeddable":true,"href":"https:\/\/www.europesays.com\/de\/wp-json\/wp\/v2\/categories?post=367636"},{"taxonomy":"post_tag","embeddable":true,"href":"https:\/\/www.europesays.com\/de\/wp-json\/wp\/v2\/tags?post=367636"}],"curies":[{"name":"wp","href":"https:\/\/api.w.org\/{rel}","templated":true}]}}