{"id":367711,"date":"2025-08-23T19:30:14","date_gmt":"2025-08-23T19:30:14","guid":{"rendered":"https:\/\/www.europesays.com\/de\/367711\/"},"modified":"2025-08-23T19:30:14","modified_gmt":"2025-08-23T19:30:14","slug":"salvadorianer-soll-aus-den-usa-nach-uganda-abgeschoben-werden","status":"publish","type":"post","link":"https:\/\/www.europesays.com\/de\/367711\/","title":{"rendered":"Salvadorianer soll aus den USA nach Uganda abgeschoben werden"},"content":{"rendered":"<p class=\"metatextline\">Stand: 23.08.2025 19:21 Uhr<\/p>\n<p class=\"textabsatz columns twelve  m-ten  m-offset-one l-eight l-offset-two\">\n        <strong>Erst lie\u00df die US-Regierung den Migranten \u00c1brego Garc\u00eda zu Unrecht nach El Salvador abschieben.\u00a0Dann wurde er zur\u00fcckgeholt und sa\u00df in U-Haft. Nun soll der Mann, der eine amerikanische Frau hat, nach Uganda abgeschoben werden.<\/strong>\n    <\/p>\n<p class=\"textabsatz m-ten m-offset-one l-eight l-offset-two columns twelve\">\nDie US-Einwanderungsbeh\u00f6rden wollen den Salvadorianer Kilmar \u00c1brego Garc\u00eda nach Uganda abschieben. Das teilten sie laut Gerichtsunterlagen mit. Zuvor soll \u00c1brego Garc\u00eda ein Angebot f\u00fcr eine Abschiebung nach Costa Rica abgelehnt haben. \u00c1brego Garc\u00eda hat eine amerikanische Frau und Kinder und lebt seit Jahren in Maryland. Doch ist er einst illegal in die USA eingewandert.<\/p>\n<p class=\"textabsatz m-ten m-offset-one l-eight l-offset-two columns twelve\">\nGem\u00e4\u00df dem Angebot, nach Costa Rica zu gehen, sollte sich der salvadorianische Staatsb\u00fcrger des Menschenschmuggels schuldig bekennen und im Gef\u00e4ngnis bleiben, wie den Unterlagen zu entnehmen ist. Die Beh\u00f6rden sollen \u00c1brego Garc\u00eda das Angebot am Donnerstagabend (Ortszeit) unterbreitet haben, da absehbar war, dass er am Freitag aus einem\u00a0Gef\u00e4ngnis in Tennessee entlassen w\u00fcrde.<\/p>\n<p>    Zur\u00fcck nach Hause &#8211; aber unter Hausarrest<\/p>\n<p class=\"textabsatz m-ten m-offset-one l-eight l-offset-two columns twelve\">\n\u00c1brego Garc\u00eda wurde dann am Freitag bis zu dem\u00a0Beginn eines Prozesses freigelassen, damit er Zeit mit seiner Familie in Maryland verbringen kann. Er steht dort aber unter Hausarrest.<\/p>\n<p class=\"textabsatz m-ten m-offset-one l-eight l-offset-two columns twelve\">\nDas US-Heimatschutzministerium teilte den Anw\u00e4lten von \u00c1brego Garc\u00eda laut Gerichtsunterlagen am Freitag mit, dass er nach Uganda abgeschoben werde und sich am Montag bei den Einwanderungsbeh\u00f6rden melden solle. \u00c1brego Garc\u00edas Anw\u00e4lte wollten nicht mitteilen, ob das Angebot offiziell zur\u00fcckgezogen worden sei, wonach sich ihr Mandant schuldig bekennen sollte. \u00c1brego Garc\u00eda habe den Teil abgelehnt, wonach er im Gef\u00e4ngnis bleiben sollte, hie\u00df es in den Gerichtsunterlagen.<\/p>\n<p>    Trotz Abschiebeschutzes ausgeflogen<\/p>\n<p class=\"textabsatz m-ten m-offset-one l-eight l-offset-two columns twelve\">\n\u00c1brego Garc\u00edas Fall fand gro\u00dfe Beachtung, er steht exemplarisch f\u00fcr eine gr\u00f6\u00dfere Debatte \u00fcber das Vorgehen der Regierung von US-Pr\u00e4sident Donald Trump bei Abschiebungen. Im Kern steht die Frage, ob Betroffene davor ausreichend rechtliches Geh\u00f6r erhalten.<\/p>\n<p class=\"textabsatz m-ten m-offset-one l-eight l-offset-two columns twelve\">\n\u00c1brego Garc\u00eda war im M\u00e4rz trotz Abschiebeschutzes aus den USA nach El Salvador ausgeflogen worden. Als Teil einer gr\u00f6\u00dferen Gruppe von Migranten wurde er in das ber\u00fcchtigte Hochsicherheitsgef\u00e4ngnis &#8222;Cecot&#8220; (Centro de Confinamiento del Terrorismo) in El Salvador \u00fcberstellt. Nach langem juristischem Tauziehen wurde er im Juni in die USA zur\u00fcckgebracht. Die US-Regierung sprach damals von einem &#8222;administrativen Fehler&#8220;.<\/p>\n<p class=\"textabsatz m-ten m-offset-one l-eight l-offset-two columns twelve\">\nMedienberichten zufolge sa\u00df \u00c1brego Garc\u00eda zuletzt in einer Haftanstalt in Tennessee. Er muss sich unter anderem wegen unrechtm\u00e4\u00dfiger Bef\u00f6rderung von Migranten verantworten. Der Prozess soll im Januar beginnen, berichten die Nachrichtensender CNN, ABC News und CBS News.<\/p>\n","protected":false},"excerpt":{"rendered":"Stand: 23.08.2025 19:21 Uhr Erst lie\u00df die US-Regierung den Migranten \u00c1brego Garc\u00eda zu Unrecht nach El Salvador abschieben.\u00a0Dann&hellip;\n","protected":false},"author":2,"featured_media":367712,"comment_status":"","ping_status":"","sticky":false,"template":"","format":"standard","meta":{"footnotes":""},"categories":[3],"tags":[781,13,14,15,12,10,8,9,11,64,103,104],"class_list":{"0":"post-367711","1":"post","2":"type-post","3":"status-publish","4":"format-standard","5":"has-post-thumbnail","7":"category-welt","8":"tag-el-salvador","9":"tag-headlines","10":"tag-nachrichten","11":"tag-news","12":"tag-schlagzeilen","13":"tag-top-news","14":"tag-top-meldungen","15":"tag-topmeldungen","16":"tag-topnews","17":"tag-usa","18":"tag-welt","19":"tag-world"},"share_on_mastodon":{"url":"https:\/\/pubeurope.com\/@de\/115079743054411833","error":""},"_links":{"self":[{"href":"https:\/\/www.europesays.com\/de\/wp-json\/wp\/v2\/posts\/367711","targetHints":{"allow":["GET"]}}],"collection":[{"href":"https:\/\/www.europesays.com\/de\/wp-json\/wp\/v2\/posts"}],"about":[{"href":"https:\/\/www.europesays.com\/de\/wp-json\/wp\/v2\/types\/post"}],"author":[{"embeddable":true,"href":"https:\/\/www.europesays.com\/de\/wp-json\/wp\/v2\/users\/2"}],"replies":[{"embeddable":true,"href":"https:\/\/www.europesays.com\/de\/wp-json\/wp\/v2\/comments?post=367711"}],"version-history":[{"count":0,"href":"https:\/\/www.europesays.com\/de\/wp-json\/wp\/v2\/posts\/367711\/revisions"}],"wp:featuredmedia":[{"embeddable":true,"href":"https:\/\/www.europesays.com\/de\/wp-json\/wp\/v2\/media\/367712"}],"wp:attachment":[{"href":"https:\/\/www.europesays.com\/de\/wp-json\/wp\/v2\/media?parent=367711"}],"wp:term":[{"taxonomy":"category","embeddable":true,"href":"https:\/\/www.europesays.com\/de\/wp-json\/wp\/v2\/categories?post=367711"},{"taxonomy":"post_tag","embeddable":true,"href":"https:\/\/www.europesays.com\/de\/wp-json\/wp\/v2\/tags?post=367711"}],"curies":[{"name":"wp","href":"https:\/\/api.w.org\/{rel}","templated":true}]}}