{"id":367721,"date":"2025-08-23T19:35:13","date_gmt":"2025-08-23T19:35:13","guid":{"rendered":"https:\/\/www.europesays.com\/de\/367721\/"},"modified":"2025-08-23T19:35:13","modified_gmt":"2025-08-23T19:35:13","slug":"handball-krimi-gegen-thw-kiel-fuechse-berlin-gewinnen-supercup","status":"publish","type":"post","link":"https:\/\/www.europesays.com\/de\/367721\/","title":{"rendered":"Handball-Krimi gegen THW Kiel: F\u00fcchse Berlin gewinnen Supercup"},"content":{"rendered":"<p class=\"font-sans font-medium\">Berlin\/M\u00fcnchen. Der Meister und der Pokalsieger aus Kiel haben sich einen spannenden Schlagabtausch geliefert. Entschieden wurde es erst im Siebenmeterwerfen.<\/p>\n<p class=\"\">Angef\u00fchrt von Ausnahmek\u00f6nner Mathias Gidsel hat der deutsche Meister <a href=\"https:\/\/www.morgenpost.de\/sport\/fuechse\/\" target=\"_blank\" rel=\"nofollow noopener\">F\u00fcchse Berlin<\/a> wie im Vorjahr den Supercup gewonnen und seine Ambitionen auf die Titelverteidigung in der <a href=\"https:\/\/www.morgenpost.de\/sport\/handball-bundesliga\/\" data-category-full-path=\"https:\/\/www.morgenpost.de\/sport\/\" data-paid-status=\"free\" data-article-publish-date=\"1754899597\" rel=\"nofollow noopener\" target=\"_blank\">Handball-Bundesliga<\/a> untermauert. In <a href=\"https:\/\/www.morgenpost.de\/panorama\/muenchen\/\" data-category-full-path=\"https:\/\/www.morgenpost.de\/panorama\/\" data-paid-status=\"free\" data-article-publish-date=\"1656512320\" rel=\"nofollow noopener\" target=\"_blank\">M\u00fcnchen<\/a> setzten sich die Berliner vor in einem dramatischen Duell gegen Pokalsieger THW Kiel mit 3:2 im Siebenmeterwerfen durch. Nach 60 Minuten hatte es 31:31 gestanden.\u00a0<\/p>\n<p class=\"\">Im Duell aus sieben Metern parierte Kiels \u00fcberragender Torwart Andreas Wolff zwar zwei W\u00fcrfe, doch seine Teamkollegen konnten gleich drei Versuche nicht im Kasten der Berliner unterbringen. Der Rekordmeister verpasste somit bei seiner 25. Teilnahme den 14. Triumph in diesem Wettbewerb.\u00a0<\/p>\n<p>    Auch interessant<\/p>\n<p>    <img decoding=\"async\" src=\"https:\/\/www.europesays.com\/de\/wp-content\/uploads\/2025\/08\/407526609_1755270467_v1_1_200.jpeg\" class=\"block w-full object-cover relative z-10 aspect-[1\/1] \" alt=\"Vergangene Saison spielte Max Beneke f\u00fcr die F\u00fcchse Berlin noch in der Champions League, nun soll er in Eisenach Spielpraxis sammeln.\" title=\"Vergangene Saison spielte Max Beneke f\u00fcr die F\u00fcchse Berlin noch in der Champions League, nun soll er in Eisenach Spielpraxis sammeln.\" loading=\"lazy\"\/><\/p>\n<p>  Flotte Startphase\u00a0<\/p>\n<p class=\"\">Beide Teams brachten von Beginn an ein rasantes Tempo auf das Parkett. Die Fans bekamen alles geboten, was die Sportart ausmacht: Dynamik, Spielwitz und individuelle Schmankerl, f\u00fcr die aufseiten der <a href=\"https:\/\/www.morgenpost.de\/berlin\/\" target=\"_blank\" rel=\"nofollow noopener\">Berliner<\/a> vornehmlich Welthandballer Gidsel verantwortlich zeichnete. Der 26 Jahre alte <a href=\"https:\/\/www.morgenpost.de\/panorama\/daenemark\/\" data-category-full-path=\"https:\/\/www.morgenpost.de\/panorama\/\" data-paid-status=\"free\" data-article-publish-date=\"1656496890\" rel=\"nofollow noopener\" target=\"_blank\">D\u00e4ne<\/a> war kaum zu stoppen und mit acht Treffern wie so oft bester Torwerfer.\u00a0<\/p>\n<p class=\"\">Kiel hielt zun\u00e4chst voll dagegen \u2013 auch dank Wolff. Der Nationaltorwart pr\u00e4sentierte sich in Topform und erhielt f\u00fcr seine zahlreichen Glanzparaden immer wieder Szenenapplaus vom Publikum. Doch auch der 34-J\u00e4hrige konnte nicht verhindern, dass sich die F\u00fcchse nach 20 Minuten beim 13:10 erstmals auf drei Tore absetzten.<\/p>\n<p class=\"\">Die Berliner kontrollierten nun die Partie und zogen sogar auf sechs Treffer davon (19:13). W\u00e4hrend sich der THW zu viele Fehler leistete und sich immer \u00f6fter an der kompakten Abwehr des Meisters die Z\u00e4hne ausbiss, zeigte der Hauptstadt-Club in dieser Phase kaum Schw\u00e4chen. Zumal Torwart Dejan Milosavljev nun auch auf Betriebstemperatur war und vor der Pause gleich drei Siebenmeter parierte.<\/p>\n<p>THW mit neuem Mut aus der Kabine<\/p>\n<p class=\"\">Mit Wiederbeginn agierten die Berliner jedoch schl\u00e4frig. Kiel nutzte dies und schaffte mit einem 4:0-Lauf schnell den Anschluss. Pl\u00f6tzlich war wieder Spannung im Spiel, was F\u00fcchse-Trainer Jaron Siewert gar nicht gefiel. Beim 23:22 (40.) schwor er sein Team in einer Auszeit noch einmal ein.\u00a0<\/p>\n<p class=\"\">Doch der THW um seinen Topwerfer Elias Ellefsen \u00e1 Skipag\u00f8tu (8) entfaltete jetzt seine ganze Klasse und zog unwiderstehlich vorbei. Zw\u00f6lf Minuten vor Ultimo f\u00fchrten die Kieler beim 27:24 mit drei Toren. Von der \u00dcberlegenheit des Meisters war nichts mehr zu sehen. Und doch wurde es in der Schlussphase noch einmal dramatisch \u2013 mit dem besseren Ende f\u00fcr die F\u00fcchse.<\/p>\n<p rel=\"author\" class=\"text-brand\">jst\/dpa<\/p>\n","protected":false},"excerpt":{"rendered":"Berlin\/M\u00fcnchen. Der Meister und der Pokalsieger aus Kiel haben sich einen spannenden Schlagabtausch geliefert. Entschieden wurde es erst&hellip;\n","protected":false},"author":2,"featured_media":367722,"comment_status":"","ping_status":"","sticky":false,"template":"","format":"standard","meta":{"footnotes":""},"categories":[1852],"tags":[3364,29,548,663,3934,30,13,4949,14,15,12,1971],"class_list":{"0":"post-367721","1":"post","2":"type-post","3":"status-publish","4":"format-standard","5":"has-post-thumbnail","7":"category-kiel","8":"tag-de","9":"tag-deutschland","10":"tag-eu","11":"tag-europa","12":"tag-europe","13":"tag-germany","14":"tag-headlines","15":"tag-kiel","16":"tag-nachrichten","17":"tag-news","18":"tag-schlagzeilen","19":"tag-schleswig-holstein"},"share_on_mastodon":{"url":"https:\/\/pubeurope.com\/@de\/115079762692301184","error":""},"_links":{"self":[{"href":"https:\/\/www.europesays.com\/de\/wp-json\/wp\/v2\/posts\/367721","targetHints":{"allow":["GET"]}}],"collection":[{"href":"https:\/\/www.europesays.com\/de\/wp-json\/wp\/v2\/posts"}],"about":[{"href":"https:\/\/www.europesays.com\/de\/wp-json\/wp\/v2\/types\/post"}],"author":[{"embeddable":true,"href":"https:\/\/www.europesays.com\/de\/wp-json\/wp\/v2\/users\/2"}],"replies":[{"embeddable":true,"href":"https:\/\/www.europesays.com\/de\/wp-json\/wp\/v2\/comments?post=367721"}],"version-history":[{"count":0,"href":"https:\/\/www.europesays.com\/de\/wp-json\/wp\/v2\/posts\/367721\/revisions"}],"wp:featuredmedia":[{"embeddable":true,"href":"https:\/\/www.europesays.com\/de\/wp-json\/wp\/v2\/media\/367722"}],"wp:attachment":[{"href":"https:\/\/www.europesays.com\/de\/wp-json\/wp\/v2\/media?parent=367721"}],"wp:term":[{"taxonomy":"category","embeddable":true,"href":"https:\/\/www.europesays.com\/de\/wp-json\/wp\/v2\/categories?post=367721"},{"taxonomy":"post_tag","embeddable":true,"href":"https:\/\/www.europesays.com\/de\/wp-json\/wp\/v2\/tags?post=367721"}],"curies":[{"name":"wp","href":"https:\/\/api.w.org\/{rel}","templated":true}]}}