{"id":367821,"date":"2025-08-23T20:36:23","date_gmt":"2025-08-23T20:36:23","guid":{"rendered":"https:\/\/www.europesays.com\/de\/367821\/"},"modified":"2025-08-23T20:36:23","modified_gmt":"2025-08-23T20:36:23","slug":"berlin-brandenburg-brand-in-gropiusstadt-feuerwehr-findet-leblosen-menschen","status":"publish","type":"post","link":"https:\/\/www.europesays.com\/de\/367821\/","title":{"rendered":"Berlin &#038; Brandenburg: Brand in Gropiusstadt &#8211; Feuerwehr findet leblosen Menschen"},"content":{"rendered":"<p>                    Berlin &amp; Brandenburg<br \/>\n                Brand in Gropiusstadt &#8211; Feuerwehr findet leblosen Menschen<\/p>\n<p>\t\t\t\t              23.08.2025, 20:07 Uhr<\/p>\n<p><strong>Die Feuerwehr r\u00fcckt zu einem Brand in einem Haus in Berlin-Neuk\u00f6lln aus. Bei den L\u00f6scharbeiten finden die Einsatzkr\u00e4fte eine leblose Person.<\/strong><\/p>\n<p>Berlin (dpa\/bb) &#8211; Die Feuerwehr hat bei L\u00f6scharbeiten in einem Bungalow in Berlin-Neuk\u00f6lln einen leblosen Menschen gefunden. Die Einsatzkr\u00e4fte waren gegen 16.30 Uhr zu dem Brand in Gropiusstadt gerufen worden, wie die Feuerwehr mitteilte. Beim Eintreffen der Kr\u00e4fte stand ein Zimmer im Geb\u00e4ude bereits in Vollbrand.<\/p>\n<p>W\u00e4hrend der L\u00f6scharbeiten entdeckten die Kr\u00e4fte demnach die leblose Person. Den Angaben nach kam f\u00fcr sie jede Hilfe zu sp\u00e4t. Weitere Informationen zur Identit\u00e4t wurden vorerst nicht bekannt.<\/p>\n<p>Die Feuerwehr war mit rund 30 Kr\u00e4ften vor Ort und konnte ein \u00dcbergreifen der Flammen auf das gesamte Geb\u00e4ude verhindern. Die Ursache des Brandes ist noch unklar und Gegenstand polizeilicher Ermittlungen. Auch die Kriminalpolizei ermittelt.<\/p>\n","protected":false},"excerpt":{"rendered":"Berlin &amp; Brandenburg Brand in Gropiusstadt &#8211; Feuerwehr findet leblosen Menschen 23.08.2025, 20:07 Uhr Die Feuerwehr r\u00fcckt zu&hellip;\n","protected":false},"author":2,"featured_media":367822,"comment_status":"","ping_status":"","sticky":false,"template":"","format":"standard","meta":{"footnotes":""},"categories":[1816],"tags":[1960,1958,1959,1957,296,1956,2919,1890,29,985,30,41642,9834],"class_list":{"0":"post-367821","1":"post","2":"type-post","3":"status-publish","4":"format-standard","5":"has-post-thumbnail","7":"category-brandenburg","8":"tag-aktuelle-nachrichten-aus-berlin-und-brandenburg","9":"tag-aktuelle-nachrichten-aus-brandenburg","10":"tag-aktuelle-news-aus-berlin-und-brandenburg","11":"tag-aktuelle-news-aus-brandenburg","12":"tag-berlin","13":"tag-berlin-und-brandenburg","14":"tag-brand","15":"tag-brandenburg","16":"tag-deutschland","17":"tag-feuerwehr","18":"tag-germany","19":"tag-gropiusstadt","20":"tag-menschen"},"share_on_mastodon":{"url":"https:\/\/pubeurope.com\/@de\/115080002630695850","error":""},"_links":{"self":[{"href":"https:\/\/www.europesays.com\/de\/wp-json\/wp\/v2\/posts\/367821","targetHints":{"allow":["GET"]}}],"collection":[{"href":"https:\/\/www.europesays.com\/de\/wp-json\/wp\/v2\/posts"}],"about":[{"href":"https:\/\/www.europesays.com\/de\/wp-json\/wp\/v2\/types\/post"}],"author":[{"embeddable":true,"href":"https:\/\/www.europesays.com\/de\/wp-json\/wp\/v2\/users\/2"}],"replies":[{"embeddable":true,"href":"https:\/\/www.europesays.com\/de\/wp-json\/wp\/v2\/comments?post=367821"}],"version-history":[{"count":0,"href":"https:\/\/www.europesays.com\/de\/wp-json\/wp\/v2\/posts\/367821\/revisions"}],"wp:featuredmedia":[{"embeddable":true,"href":"https:\/\/www.europesays.com\/de\/wp-json\/wp\/v2\/media\/367822"}],"wp:attachment":[{"href":"https:\/\/www.europesays.com\/de\/wp-json\/wp\/v2\/media?parent=367821"}],"wp:term":[{"taxonomy":"category","embeddable":true,"href":"https:\/\/www.europesays.com\/de\/wp-json\/wp\/v2\/categories?post=367821"},{"taxonomy":"post_tag","embeddable":true,"href":"https:\/\/www.europesays.com\/de\/wp-json\/wp\/v2\/tags?post=367821"}],"curies":[{"name":"wp","href":"https:\/\/api.w.org\/{rel}","templated":true}]}}