{"id":368004,"date":"2025-08-23T22:21:27","date_gmt":"2025-08-23T22:21:27","guid":{"rendered":"https:\/\/www.europesays.com\/de\/368004\/"},"modified":"2025-08-23T22:21:27","modified_gmt":"2025-08-23T22:21:27","slug":"pflegegradrechner-der-verbraucherzentralen-mit-neuen-funktionen","status":"publish","type":"post","link":"https:\/\/www.europesays.com\/de\/368004\/","title":{"rendered":"Pflegegradrechner der Verbraucherzentralen mit neuen Funktionen"},"content":{"rendered":"<p><img decoding=\"async\" src=\"https:\/\/www.europesays.com\/de\/wp-content\/uploads\/2025\/08\/vzsa5-678x381.jpg\" alt=\"Verbraucherzentrale\" title=\"vzsa5\"\/><br \/>\n\u00a9 H@llAnzeiger<\/p>\n<p><strong>Sinnvolle Erweiterungen f\u00fcr Pflegebed\u00fcrftige und Angeh\u00f6rige\u00a0<\/strong><\/p>\n<p>Halle\/VZSA. Werden Menschen pflegebed\u00fcrftig, ist das f\u00fcr die Betroffenen selbst, aber auch f\u00fcr die Angeh\u00f6rigen oft eine gro\u00dfe emotionale Belastung. Neben der Frage, wer die Pflege \u00fcbernimmt, geht es immer auch um die Frage, wie die Pflege bezahlt wird. Einen Teil der Pflegekosten \u00fcbernimmt die gesetzliche Pflegeversicherung. Sowohl die Antragsstellung als auch die Einstufung in den Pflegegrad stellen Angeh\u00f6rige und Betroffen vor gro\u00dfe Herausforderungen. Hier hilft der Pflegegradrechner der Verbraucherzentralen. In seiner verbesserten und erweiterten Fassung bietet er Orientierung und Entscheidungshilfen.<\/p>\n<p>Seit April 2024 bieten die Verbraucherzentralen mit ihrem Pflegegradrechner die M\u00f6glichkeit, die Antragstellung vorzubereiten. Anhand von 64 Fragen k\u00f6nnen Betroffene eine Selbsteinsch\u00e4tzung \u00fcber den Pflegegrad vornehmen. Bis Ende Juli 2025 nutzten \u00fcber 34.000 Personen diese M\u00f6glichkeit.<\/p>\n<p>Pflegegradrechner mit neuen Funktionen<\/p>\n<p>Folgende Erweiterungen des Pflegegrad-Rechners bieten die Verbraucherzentralen jetzt<br \/>zus\u00e4tzlich an:<\/p>\n<ol class=\"wp-block-list\">\n<li>Es besteht die M\u00f6glichkeit, die Beantwortung der 64 Fragen im Pflegegradrechner zu unterbrechen und sp\u00e4ter fortzusetzen.<\/li>\n<li>Am Ende der Bearbeitung erhalten die Ratsuchenden eine \u00dcbersicht \u00fcber die von ihnen gegebenen Antworten.<\/li>\n<li>Wer eine Einstufung der Pflegekasse erhalten hat, kann jetzt pr\u00fcfen, ob ein Widerspruch sinnvoll ist. \u201eNicht immer sind die Betroffenen mit der Entscheidung der Pflegekasse einverstanden \u2013 mal zu Recht und mal zu Unrecht\u201c, sagt Beate R\u00fcckriem, Referentin f\u00fcr Gesundheit und Pflege der Verbraucherzentrale Sachsen-Anhalt. \u201eIn solchen F\u00e4llen ist es wichtig, schnell Klarheit zu erhalten.\u201c<\/li>\n<\/ol>\n<p><strong>Beispiel: Pflegegradrechner kommt zu anderem Ergebnis als Pflegekasse<\/strong><\/p>\n<p>Herr M. ist derzeit in den Pflegegrad 2 eingestuft. Er beantragte bei der Pflegekasse einen h\u00f6heren Pflegegrad, den diese jedoch ablehnte. Herr M. fragt sich, ob er dagegen Widerspruch einlegen soll. Er ist der Meinung, dass einige Bewertungen im Gutachten des Medizinischen Dienstes nicht richtig sein k\u00f6nnen. So wurde im Gutachten festgehalten, dass Herr M. einmal im Monat zu einem Arzttermin begleitet werden muss. Tats\u00e4chlich muss er etwa dreimal im Monat zum Arzt. Diese Abweichung tr\u00e4gt er in den Pflegegradrechner der Verbraucherzentralen ein. Dieser kommt zu dem Ergebnis, dass ihm der Pflegegrad 3 zust\u00fcnde. Anhand seiner Angaben erstellt der Pflegegradrechner ein Schreiben, das er herunterladen, ausdrucken und als Widerspruch mit Begr\u00fcndung an die Pflegekasse senden kann.<\/p>\n<p><strong>Beispiel: Pflegegradrechner kommt zu gleichem Ergebnis wie Pflegekasse<\/strong><\/p>\n<p>Anders ist es bei Frau R. Die Pflegekasse erkennt bei ihr den Pflegegrad 1 an. Auch Frau R. ist mit dieser Entscheidung nicht einverstanden. Sie ben\u00f6tigt viel Hilfe im Haushalt. Auch die K\u00f6rperpflege und das Anziehen fallen ihr schwer. Anhand der Erl\u00e4uterungstexte im Pflegegradrechner wird ihr schnell klar, die Haushaltsf\u00fchrung bei der Berechnung des Pflegegrades nicht ber\u00fccksichtigt wird. Au\u00dferdem liest sie, dass es bei der Berechnung nicht darauf ankommt, ob die zu pflegende Person bei allt\u00e4glichen Verrichtungen langsamer als fr\u00fcher ist oder ob es ihr schwerer f\u00e4llt. Entscheidend ist lediglich die Frage, ob sie dabei Hilfe von einer anderen Person ben\u00f6tigt. Frau R. kann die Entscheidung des Medizinischen Dienstes nun besser verstehen und legt keinen Widerspruch ein.<\/p>\n<p>Wissen schafft Sicherheit<\/p>\n<p>\u201eDiese beiden F\u00e4lle machen deutlich, wie wichtig es f\u00fcr die Betroffenen ist, die Entscheidungen des Medizinischen Dienstes und der Pflegekasse nachvollziehen zu k\u00f6nnen. Nur so l\u00e4sst sich eine bewusste Entscheidung f\u00fcr oder gegen einen Widerspruch treffen\u201c, sagt Beate R\u00fcckriem.<\/p>\n<p>Fragen von Pflegebed\u00fcrftigen und Angeh\u00f6rigen zu diesen Themen beantwortet zudem die Verbraucherzentrale in ihrer Pflegerechtsberatung. Die kostenfreie Hotline ist unter (0800) 100 37 11 erreichbar. Anfragen k\u00f6nnen auch per Mail an <a href=\"https:\/\/www.hallanzeiger.de\/aktuelle_informationen_verbraucherzentrale\/mailto:pflegerechtsberatung@vzsa.de\" target=\"_blank\" rel=\"noopener nofollow\">pflegerechtsberatung@vzsa.de<\/a> oder per Post an Verbraucherzentrale Sachsen-Anhalt, Hotline Pflegerechtsberatung, Steinbockgasse 1, 06108 Halle (Saale) gestellt werden.<\/p>\n","protected":false},"excerpt":{"rendered":"\u00a9 H@llAnzeiger Sinnvolle Erweiterungen f\u00fcr Pflegebed\u00fcrftige und Angeh\u00f6rige\u00a0 Halle\/VZSA. Werden Menschen pflegebed\u00fcrftig, ist das f\u00fcr die Betroffenen selbst,&hellip;\n","protected":false},"author":2,"featured_media":368005,"comment_status":"","ping_status":"","sticky":false,"template":"","format":"standard","meta":{"footnotes":""},"categories":[1860],"tags":[3364,29,548,663,3934,30,4062,17332,13,14,15,17331,860,12],"class_list":{"0":"post-368004","1":"post","2":"type-post","3":"status-publish","4":"format-standard","5":"has-post-thumbnail","7":"category-halle-saale","8":"tag-de","9":"tag-deutschland","10":"tag-eu","11":"tag-europa","12":"tag-europe","13":"tag-germany","14":"tag-halle","15":"tag-halle-saale","16":"tag-headlines","17":"tag-nachrichten","18":"tag-news","19":"tag-saale","20":"tag-sachsen-anhalt","21":"tag-schlagzeilen"},"share_on_mastodon":{"url":"https:\/\/pubeurope.com\/@de\/115080415638001669","error":""},"_links":{"self":[{"href":"https:\/\/www.europesays.com\/de\/wp-json\/wp\/v2\/posts\/368004","targetHints":{"allow":["GET"]}}],"collection":[{"href":"https:\/\/www.europesays.com\/de\/wp-json\/wp\/v2\/posts"}],"about":[{"href":"https:\/\/www.europesays.com\/de\/wp-json\/wp\/v2\/types\/post"}],"author":[{"embeddable":true,"href":"https:\/\/www.europesays.com\/de\/wp-json\/wp\/v2\/users\/2"}],"replies":[{"embeddable":true,"href":"https:\/\/www.europesays.com\/de\/wp-json\/wp\/v2\/comments?post=368004"}],"version-history":[{"count":0,"href":"https:\/\/www.europesays.com\/de\/wp-json\/wp\/v2\/posts\/368004\/revisions"}],"wp:featuredmedia":[{"embeddable":true,"href":"https:\/\/www.europesays.com\/de\/wp-json\/wp\/v2\/media\/368005"}],"wp:attachment":[{"href":"https:\/\/www.europesays.com\/de\/wp-json\/wp\/v2\/media?parent=368004"}],"wp:term":[{"taxonomy":"category","embeddable":true,"href":"https:\/\/www.europesays.com\/de\/wp-json\/wp\/v2\/categories?post=368004"},{"taxonomy":"post_tag","embeddable":true,"href":"https:\/\/www.europesays.com\/de\/wp-json\/wp\/v2\/tags?post=368004"}],"curies":[{"name":"wp","href":"https:\/\/api.w.org\/{rel}","templated":true}]}}