{"id":368119,"date":"2025-08-23T23:28:15","date_gmt":"2025-08-23T23:28:15","guid":{"rendered":"https:\/\/www.europesays.com\/de\/368119\/"},"modified":"2025-08-23T23:28:15","modified_gmt":"2025-08-23T23:28:15","slug":"keine-hochzeits-einladung-fuer-seine-tochter-mike-heiter-spricht-klartext","status":"publish","type":"post","link":"https:\/\/www.europesays.com\/de\/368119\/","title":{"rendered":"Keine Hochzeits-Einladung f\u00fcr seine Tochter? Mike Heiter spricht Klartext"},"content":{"rendered":"<p>&#8222;Bezug ist nicht so, wie er sein sollte&#8220;<\/p>\n<p>Keine Hochzeits-Einladung f\u00fcr seine Tochter? Mike Heiter spricht Klartext<\/p>\n<p><img decoding=\"async\" data-hk=\"009350a12011002010\" loading=\"lazy\" src=\"https:\/\/www.europesays.com\/de\/wp-content\/uploads\/2025\/08\/1755991693_465_62926606-2dae-4cdf-86ff-616f16364e82.287b110b-f820-478d-ba0b-d942ab478865.jpg\" alt=\"Cleo Wansch\" width=\"48\" height=\"48\"\/>Cleo Wanschvon <a href=\"https:\/\/www.bunte.de\/authorprofile\/cleo-wansch.html\" rel=\"nofollow noopener\" target=\"_blank\">Cleo Wansch<\/a><\/p>\n<p>23.08.2025, 20:01 Uhr<\/p>\n<p>23. August 2025 um 20:01 Uhr<\/p>\n<p>Mike Heiter kl\u00e4rt auf: Seine Tochter Aylen wird nicht bei der Hochzeit mit Leyla dabei sein \u2013 die Gr\u00fcnde liegen in fehlendem Kontakt und Schutz vor Kameras.<\/p>\n<p>Reality-TV-Star <a href=\"https:\/\/www.bunte.de\/starprofile\/mike-heiter.html\" rel=\"follow nofollow noopener\" target=\"_self\">Mike Heiter<\/a> steht kurz vor seiner <a href=\"https:\/\/www.bunte.de\/stars\/stars-die-liebe\/vom-dschungel-flirt-zum-ehepaar-mike-heiter-und-leyla-lahouar-haben-geheiratet_6bc040a3-5f39-44b5-b599-097f71105f76.html\" rel=\"follow nofollow noopener\" target=\"_self\">Traumhochzeit mit Leyla Lahouar<\/a> in Italien. Doch eine Frage besch\u00e4ftigt die Fans: Wird seine Tochter Aylen dabei sein? Die Antwort darauf gibt Heiter nun selbst \u2013 und sie \u00fcberrascht.<\/p>\n<p>Keine Einladung f\u00fcr Mike Heiters Tochter Aylen<\/p>\n<p>In seiner Instagram-Story erkl\u00e4rt Mike Heiter nun nach mehreren Nachfragen: &#8222;Meine Tochter wird nicht bei meiner Hochzeit sein.&#8220; Der Grund daf\u00fcr liegt in der aktuellen Beziehung zwischen Vater und Tochter: &#8222;Der Bezug ist nicht so, wie er sein sollte, da wir in den letzten Jahren viel zu wenig Kontakt hatten.&#8220; Gemeinsam mit seiner Ex-Partnerin Elena Miras habe er entschieden, dass es besser sei, wenn Aylen nicht an der Feier teilnimmt.<\/p>\n<p>ANZEIGE<\/p>\n<p>Auch die Kameras auf der Hochzeit erschweren die Anwesenheit seiner Tochter: &#8222;Wir wollen ja auch nicht, dass sie gezeigt wird. Da es ein Livestream ist, w\u00e4re es ja unvermeidlich, dass sie gezeigt werden w\u00fcrde&#8220;<\/p>\n<p><img decoding=\"async\" data-hk=\"009350a1904004010\" loading=\"lazy\"  src=\"https:\/\/www.europesays.com\/de\/wp-content\/uploads\/2025\/08\/4d6c3a5d-b9ad-4e36-8a09-a0c61c8d0ad1.ad9eb248-8a57-4024-832a-6ffec50ae72b.jpg\"  alt=\"Im Juli heirateten Mike und Leyla Heiter schon in Deutschland. Jetzt folgte eine Zeremonie in Italien\" width=\"479\" height=\"720\"\/> Im Juli heirateten Mike und Leyla Heiter schon in Deutschland. Jetzt folgte eine Zeremonie in Italien  IMAGO \/ Future Image Mike Heiter will bessere Beziehung zu Aylen aufbauen<\/p>\n<p>Trotz der Differenzen betonen beide Elternteile, dass sie im besten Interesse ihrer Tochter handeln. Mike Heiter gibt an, gemeinsam mit Elena daran zu arbeiten, ein stabileres Verh\u00e4ltnis zu Aylen aufzubauen. Ob und wann es zu einer Ann\u00e4herung kommt, bleibt abzuwarten. Fest steht jedoch, dass Aylen bei der bevorstehenden Hochzeit ihres Vaters nicht dabei sein wird.<\/p>\n<p>ANZEIGE<\/p>\n<p><a data-hk=\"031110\" data-qa-article-links-box-title-link=\"https:\/\/www.bunte.de\/stars\/true\" href=\"https:\/\/www.bunte.de\/stars\/\" rel=\"follow nofollow noopener\" target=\"_self\">Mehr aus dem Bereich Stars<\/a><a data-hk=\"031120\" data-qa-article-links-box-href=\"https:\/\/www.bunte.de\/stars\/true\" href=\"https:\/\/www.bunte.de\/stars\/star-news\/thomas-gottschalk-zeigt-verliebte-urlaubsfotos-mit-seiner-karina_f7d2c32d-d005-4189-93f5-26d93aa02752.html\" rel=\"follow nofollow noopener\" target=\"_self\" class=\"LinkBox_Link row\"><\/p>\n<p>Thomas Gottschalk zeigt verliebte Urlaubsfotos mit seiner Karina<\/p>\n<p>Samstag, 23.08.2025 | 20:04<\/a><a data-hk=\"031125\" data-qa-article-links-box-href=\"https:\/\/www.bunte.de\/stars\/true\" href=\"https:\/\/www.bunte.de\/stars\/star-news\/the-crown-star-olivia-colman-versteckte-ihren-oscar-im-schrank_3bb527fd-75ae-4492-a78f-56c093b4cb3d.html\" rel=\"follow nofollow noopener\" target=\"_self\" class=\"LinkBox_Link row\"><\/p>\n<p>&#8222;The Crown&#8220;-Star Olivia Colman versteckte ihren Oscar im Schrank<\/p>\n<p>Samstag, 23.08.2025 | 19:35<\/a><a data-hk=\"03112a10\" data-qa-article-links-box-href=\"https:\/\/www.bunte.de\/stars\/true\" href=\"https:\/\/www.bunte.de\/stars\/star-life\/tiefe-zufriedenheit-kuehnert-spricht-offen-ueber-seinen-neustart_b08be659-5a01-4875-9754-93c7746f7b2b.html\" rel=\"follow nofollow noopener\" target=\"_self\" class=\"LinkBox_Link row LinkBox_Link--Last-Visible\"><\/p>\n<p>&#8222;Tiefe Zufriedenheit&#8220;: Kevin K\u00fchnert spricht \u00fcber seinen Neuanfang <\/p>\n<p>Samstag, 23.08.2025 | 19:22<\/a><a data-hk=\"03112a15\" data-qa-article-links-box-href=\"https:\/\/www.bunte.de\/stars\/true\" href=\"https:\/\/www.bunte.de\/stars\/herz-gebrochen-cathy-hummels-mit-vorwuerfen-an-ex-mats_c16b7a14-beba-4acf-a04a-d64d4398dc32.html\" rel=\"follow nofollow noopener\" target=\"_self\" class=\"LinkBox_Link row LinkBox_Link--Hidden\"><\/p>\n<p>Cathy Hummels \u00fcber Ex Mats: &#8222;Hat mein Herz gebrochen&#8220;<\/p>\n<p>Samstag, 23.08.2025 | 19:21<\/a><a data-hk=\"03112a20\" data-qa-article-links-box-href=\"https:\/\/www.bunte.de\/stars\/true\" href=\"https:\/\/www.bunte.de\/stars\/so-hat-sich-jaden-smith-vom-karate-kid-zum-rapper-entwickelt_7aa7ce87-a3bc-47e7-b9c7-786ff27bcabc.html\" rel=\"follow nofollow noopener\" target=\"_self\" class=\"LinkBox_Link row LinkBox_Link--Hidden\"><\/p>\n<p>Vom &#8222;Karate Kid&#8220; zum Rapper: So lebt Jaden Smith heute<\/p>\n<p>Samstag, 23.08.2025 | 19:18<\/a><a data-hk=\"03112a25\" data-qa-article-links-box-href=\"https:\/\/www.bunte.de\/stars\/true\" href=\"https:\/\/www.bunte.de\/stars\/stefan-mross-tochter-johanna-verabschiedet-sich-von-oma-stefanie-85_cd55d118-6f34-46dc-a787-163e6bdb18d4.html\" rel=\"follow nofollow noopener\" target=\"_self\" class=\"LinkBox_Link row LinkBox_Link--Hidden\"><\/p>\n<p>Johanna Mross nimmt r\u00fchrend Abschied von ihrer geliebten Oma (\u202085)<\/p>\n<p>Samstag, 23.08.2025 | 19:17<\/a><a data-hk=\"03112a30\" data-qa-article-links-box-href=\"https:\/\/www.bunte.de\/stars\/true\" href=\"https:\/\/www.bunte.de\/stars\/wiedersehen-an-amelios-geburtstag-pietro-lombardi-trifft-laura_6354e223-c76f-44c4-8e89-02517ed47af0.html\" rel=\"follow nofollow noopener\" target=\"_self\" class=\"LinkBox_Link row LinkBox_Link--Hidden\"><\/p>\n<p>Pietro Lombardi trifft an Amelios Geburtstag wieder auf Laura<\/p>\n<p>Samstag, 23.08.2025 | 19:14<\/a><a data-hk=\"03112a35\" data-qa-article-links-box-href=\"https:\/\/www.bunte.de\/stars\/true\" href=\"https:\/\/www.bunte.de\/stars\/star-news\/welche-lektionen-noah-cyrus-dank-schwester-miley-lernte_5539ee23-ea11-4006-92fb-39ff15104811.html\" rel=\"follow nofollow noopener\" target=\"_self\" class=\"LinkBox_Link row LinkBox_Link--Hidden\"><\/p>\n<p>Welche Lektionen Noah Cyrus dank Schwester Miley lernte<\/p>\n<p>Samstag, 23.08.2025 | 18:55<\/a><a data-hk=\"03112a40\" data-qa-article-links-box-href=\"https:\/\/www.bunte.de\/stars\/true\" href=\"https:\/\/www.bunte.de\/stars\/star-news\/alexander-zverev-geht-es-mit-professioneller-hilfe-nun-viel-besser_6919e285-d28b-4223-a067-94aed32f1498.html\" rel=\"follow nofollow noopener\" target=\"_self\" class=\"LinkBox_Link row LinkBox_Link--Hidden\"><\/p>\n<p>&#8222;\u00dcber mehrere Jahre&#8220;: Alexander Zverev holt sich professionelle Hilfe<\/p>\n<p>Samstag, 23.08.2025 | 18:03<\/a><a data-hk=\"03112a45\" data-qa-article-links-box-href=\"https:\/\/www.bunte.de\/stars\/true\" href=\"https:\/\/www.bunte.de\/stars\/star-news\/amira-aly-bastelt-fleissig-doch-dann-wird-sie-auf-einmal-nachdenklich_74b6caf9-ced6-46b5-8526-6b88bfd4e548.html\" rel=\"follow nofollow noopener\" target=\"_self\" class=\"LinkBox_Link row LinkBox_Link--Hidden\"><\/p>\n<p>Amira Aly bastelt flei\u00dfig \u2013 doch dann wird sie auf einmal nachdenklich<\/p>\n<p>Samstag, 23.08.2025 | 16:59<\/a>\u00d6ffentliches Hin und Her zwischen Elena Miras und Mike Heiter<\/p>\n<p>Die Beziehung zwischen Mike Heiter und <a href=\"https:\/\/www.bunte.de\/stars\/star-news\/jetzt-ist-es-offiziell-sie-ist-die-neue-promi-dame-bei-make-love-fake-love_1f7b03d1-370d-46be-b990-58b9e68ea50b.html\" rel=\"follow nofollow noopener\" target=\"_self\">Elena Miras, die bald in einer TV-Show zu sehen sein wird<\/a>, war in der Vergangenheit von \u00f6ffentlichen Streitigkeiten gepr\u00e4gt. W\u00e4hrend ihrer gemeinsamen Teilnahme an &#8222;Promi Big Brother&#8220; lieferten sich die beiden einen verbalen Schlagabtausch, in dem Elena Mike vorwarf, sich nicht ausreichend um ihre Tochter zu k\u00fcmmern.\u00a0<\/p>\n<p>Mike hingegen betonte, sich mehr Kontakt zu w\u00fcnschen und viel daf\u00fcr getan zu haben. Elena \u00e4u\u00dferte jedoch Zweifel an seinen Absichten und vermutete, dass seine Bem\u00fchungen lediglich aus PR-Gr\u00fcnden erfolgten.<\/p>\n","protected":false},"excerpt":{"rendered":"&#8222;Bezug ist nicht so, wie er sein sollte&#8220; Keine Hochzeits-Einladung f\u00fcr seine Tochter? Mike Heiter spricht Klartext Cleo&hellip;\n","protected":false},"author":2,"featured_media":368120,"comment_status":"","ping_status":"","sticky":false,"template":"","format":"standard","meta":{"footnotes":""},"categories":[1776],"tags":[1801,29,214,30,1802,215],"class_list":{"0":"post-368119","1":"post","2":"type-post","3":"status-publish","4":"format-standard","5":"has-post-thumbnail","7":"category-prominente","8":"tag-celebrities","9":"tag-deutschland","10":"tag-entertainment","11":"tag-germany","12":"tag-prominente","13":"tag-unterhaltung"},"share_on_mastodon":{"url":"https:\/\/pubeurope.com\/@de\/115080679177472345","error":""},"_links":{"self":[{"href":"https:\/\/www.europesays.com\/de\/wp-json\/wp\/v2\/posts\/368119","targetHints":{"allow":["GET"]}}],"collection":[{"href":"https:\/\/www.europesays.com\/de\/wp-json\/wp\/v2\/posts"}],"about":[{"href":"https:\/\/www.europesays.com\/de\/wp-json\/wp\/v2\/types\/post"}],"author":[{"embeddable":true,"href":"https:\/\/www.europesays.com\/de\/wp-json\/wp\/v2\/users\/2"}],"replies":[{"embeddable":true,"href":"https:\/\/www.europesays.com\/de\/wp-json\/wp\/v2\/comments?post=368119"}],"version-history":[{"count":0,"href":"https:\/\/www.europesays.com\/de\/wp-json\/wp\/v2\/posts\/368119\/revisions"}],"wp:featuredmedia":[{"embeddable":true,"href":"https:\/\/www.europesays.com\/de\/wp-json\/wp\/v2\/media\/368120"}],"wp:attachment":[{"href":"https:\/\/www.europesays.com\/de\/wp-json\/wp\/v2\/media?parent=368119"}],"wp:term":[{"taxonomy":"category","embeddable":true,"href":"https:\/\/www.europesays.com\/de\/wp-json\/wp\/v2\/categories?post=368119"},{"taxonomy":"post_tag","embeddable":true,"href":"https:\/\/www.europesays.com\/de\/wp-json\/wp\/v2\/tags?post=368119"}],"curies":[{"name":"wp","href":"https:\/\/api.w.org\/{rel}","templated":true}]}}