{"id":368444,"date":"2025-08-24T02:35:16","date_gmt":"2025-08-24T02:35:16","guid":{"rendered":"https:\/\/www.europesays.com\/de\/368444\/"},"modified":"2025-08-24T02:35:16","modified_gmt":"2025-08-24T02:35:16","slug":"stadtbergen-plant-neuen-kreisvekehr-an-der-abfahrt-der-b17","status":"publish","type":"post","link":"https:\/\/www.europesays.com\/de\/368444\/","title":{"rendered":"Stadtbergen plant neuen Kreisvekehr an der Abfahrt der B17"},"content":{"rendered":"<p class=\"mb-6 text-xs md:text-m lg:text-l font-serif group-[.font-sans]:font-sans \">\n    Im Grunde hat die Einhausung der <a href=\"https:\/\/www.augsburger-allgemeine.de\/schlagworte\/aa-b17\" target=\"_self\" class=\"underline \" rel=\"nofollow noopener\">B17<\/a> bei <a href=\"https:\/\/www.augsburger-allgemeine.de\/augsburg-land\/ort\/stadtbergen\" target=\"_self\" class=\"underline \" rel=\"nofollow noopener\">Stadtbergen<\/a> nichts mit dem zu tun, was die Stadt Stadtbergen wenige Meter weiter plant. Doch auch der schon ab 2009 vorgeplante Kreisverkehr an der Abfahrt der B17 von S\u00fcden kommend auf den Nestackerweg mit seiner heute un\u00fcbersichtlichen Einm\u00fcndung soll nun endlich kommen, so B\u00fcrgermeister Paulus Metz in <a href=\"https:\/\/www.augsburger-allgemeine.de\/augsburg-land\/nachfolger-fuer-den-rewe-im-city-center-gersthofen-gefunden-110604327\" target=\"_self\" class=\"underline \" rel=\"nofollow noopener\">der Sitzung des Ferienausschusses der Stadt<\/a>. Entgegen seinem Namen arbeitet dieser Ausschuss genau dann, wenn andere Urlaub haben, und ersetzt w\u00e4hrend der Sommerferien s\u00e4mtliche Aussch\u00fcsse sowie den Stadtrat. So konnte dort jetzt ein wichtiger Beschluss gefasst werden.\n  <\/p>\n<ul data-module-id=\"DragDropModule\" class=\"flex flex-wrap justify-start group-[.no-bookmarks]:hidden\">\n<li class=\"mb-3 mr-3\">\n    Jana Tallevi<\/p>\n<p>      Icon Haken im Kreis gesetzt<\/p>\n<p>      Icon Plus im Kreis<\/p>\n<\/li>\n<li class=\"mb-3 mr-3\">\n    86391 Stadtbergen<\/p>\n<p>      Icon Haken im Kreis gesetzt<\/p>\n<p>      Icon Plus im Kreis<\/p>\n<\/li>\n<li class=\"mb-3 mr-3\">\n    Kreisverkehr<\/p>\n<p>      Icon Haken im Kreis gesetzt<\/p>\n<p>      Icon Plus im Kreis<\/p>\n<\/li>\n<\/ul>\n","protected":false},"excerpt":{"rendered":"Im Grunde hat die Einhausung der B17 bei Stadtbergen nichts mit dem zu tun, was die Stadt Stadtbergen&hellip;\n","protected":false},"author":2,"featured_media":368445,"comment_status":"","ping_status":"","sticky":false,"template":"","format":"standard","meta":{"footnotes":""},"categories":[1846],"tags":[680,772,3364,29,548,663,3934,30,13,14,15,12],"class_list":{"0":"post-368444","1":"post","2":"type-post","3":"status-publish","4":"format-standard","5":"has-post-thumbnail","7":"category-augsburg","8":"tag-augsburg","9":"tag-bayern","10":"tag-de","11":"tag-deutschland","12":"tag-eu","13":"tag-europa","14":"tag-europe","15":"tag-germany","16":"tag-headlines","17":"tag-nachrichten","18":"tag-news","19":"tag-schlagzeilen"},"share_on_mastodon":{"url":"https:\/\/pubeurope.com\/@de\/115081414258170612","error":""},"_links":{"self":[{"href":"https:\/\/www.europesays.com\/de\/wp-json\/wp\/v2\/posts\/368444","targetHints":{"allow":["GET"]}}],"collection":[{"href":"https:\/\/www.europesays.com\/de\/wp-json\/wp\/v2\/posts"}],"about":[{"href":"https:\/\/www.europesays.com\/de\/wp-json\/wp\/v2\/types\/post"}],"author":[{"embeddable":true,"href":"https:\/\/www.europesays.com\/de\/wp-json\/wp\/v2\/users\/2"}],"replies":[{"embeddable":true,"href":"https:\/\/www.europesays.com\/de\/wp-json\/wp\/v2\/comments?post=368444"}],"version-history":[{"count":0,"href":"https:\/\/www.europesays.com\/de\/wp-json\/wp\/v2\/posts\/368444\/revisions"}],"wp:featuredmedia":[{"embeddable":true,"href":"https:\/\/www.europesays.com\/de\/wp-json\/wp\/v2\/media\/368445"}],"wp:attachment":[{"href":"https:\/\/www.europesays.com\/de\/wp-json\/wp\/v2\/media?parent=368444"}],"wp:term":[{"taxonomy":"category","embeddable":true,"href":"https:\/\/www.europesays.com\/de\/wp-json\/wp\/v2\/categories?post=368444"},{"taxonomy":"post_tag","embeddable":true,"href":"https:\/\/www.europesays.com\/de\/wp-json\/wp\/v2\/tags?post=368444"}],"curies":[{"name":"wp","href":"https:\/\/api.w.org\/{rel}","templated":true}]}}